{"id":5189,"date":"2019-06-03T16:29:23","date_gmt":"2019-06-03T15:29:23","guid":{"rendered":"https:\/\/www.feuerwehrkostheim.de\/?p=5189"},"modified":"2019-06-03T16:29:23","modified_gmt":"2019-06-03T15:29:23","slug":"unfall-zwischen-pkw-und-mofa","status":"publish","type":"post","link":"https:\/\/www.feuerwehrkostheim.de\/?p=5189","title":{"rendered":"Unfall zwischen PKW und Mofa"},"content":{"rendered":"<p><img loading=\"lazy\" decoding=\"async\" class=\"alignleft\" title=\"Einsatz-Logo\" src=\"https:\/\/www.feuerwehrkostheim.de\/wp-content\/bilder\/sonstige\/logo_einsatz.jpg\" alt=\"Einsatz-Logo\" width=\"100\" height=\"100\" \/><strong>30. Mai 2019 &#8211; 20:38 Uhr<\/strong><br \/>\n<strong>Winterstra\u00dfe<\/strong><br \/>\nEinzelfahrzeugalarmierung<br \/>\nEinsatz 36 &#8211; 2019<\/p>\n<p>Am Donnerstagabend, der Tag der offenen T\u00fcr wurde gerade zur\u00fcckgebaut, waren Kameraden der Kostheimer Wehr mit einem Fahrzeug unterwegs, als sie in der Winterstra\u00dfe an einem sich gerade ereigneten Unfall zwischen einem PKW und einem Mofa vorbeikamen. Da der Kradfahrer \u00fcber Schmerzen im Bein berichtete, jedoch ansonsten wohl auf war, forderte man einen Rettungswagen ohne Sondersignal sowie die Polizei zur Unfallaufnahme an. Bis zu deren Eintreffen sicherte man die Unfallstelle im Kreuzungsbereich der Berberichstra\u00dfe ab und betreute den leicht verletzten Mofafahrer.<\/p>\n<p>&nbsp;<\/p>\n","protected":false},"excerpt":{"rendered":"<p>30. Mai 2019 &#8211; 20:38 Uhr Winterstra\u00dfe Einzelfahrzeugalarmierung Einsatz 36 &#8211; 2019 Am Donnerstagabend, der Tag der offenen T\u00fcr wurde gerade zur\u00fcckgebaut, waren Kameraden der Kostheimer Wehr mit einem Fahrzeug unterwegs, als sie in der Winterstra\u00dfe an einem sich gerade ereigneten Unfall zwischen einem PKW und einem Mofa vorbeikamen. Da der Kradfahrer \u00fcber Schmerzen im [&hellip;]<\/p>\n","protected":false},"author":1,"featured_media":0,"comment_status":"closed","ping_status":"open","sticky":false,"template":"","format":"standard","meta":{"_et_pb_use_builder":"","_et_pb_old_content":"","_et_gb_content_width":"","_crdt_document":"","footnotes":""},"categories":[5],"tags":[69,1212,1211,422,285,76,760,1210],"class_list":["post-5189","post","type-post","status-publish","format-standard","hentry","category-einsatze","tag-absicherung","tag-leicht","tag-mofa","tag-pkw","tag-rettungsdienst","tag-unfall","tag-verletzt","tag-zufall"],"_links":{"self":[{"href":"https:\/\/www.feuerwehrkostheim.de\/index.php?rest_route=\/wp\/v2\/posts\/5189","targetHints":{"allow":["GET"]}}],"collection":[{"href":"https:\/\/www.feuerwehrkostheim.de\/index.php?rest_route=\/wp\/v2\/posts"}],"about":[{"href":"https:\/\/www.feuerwehrkostheim.de\/index.php?rest_route=\/wp\/v2\/types\/post"}],"author":[{"embeddable":true,"href":"https:\/\/www.feuerwehrkostheim.de\/index.php?rest_route=\/wp\/v2\/users\/1"}],"replies":[{"embeddable":true,"href":"https:\/\/www.feuerwehrkostheim.de\/index.php?rest_route=%2Fwp%2Fv2%2Fcomments&post=5189"}],"version-history":[{"count":1,"href":"https:\/\/www.feuerwehrkostheim.de\/index.php?rest_route=\/wp\/v2\/posts\/5189\/revisions"}],"predecessor-version":[{"id":5190,"href":"https:\/\/www.feuerwehrkostheim.de\/index.php?rest_route=\/wp\/v2\/posts\/5189\/revisions\/5190"}],"wp:attachment":[{"href":"https:\/\/www.feuerwehrkostheim.de\/index.php?rest_route=%2Fwp%2Fv2%2Fmedia&parent=5189"}],"wp:term":[{"taxonomy":"category","embeddable":true,"href":"https:\/\/www.feuerwehrkostheim.de\/index.php?rest_route=%2Fwp%2Fv2%2Fcategories&post=5189"},{"taxonomy":"post_tag","embeddable":true,"href":"https:\/\/www.feuerwehrkostheim.de\/index.php?rest_route=%2Fwp%2Fv2%2Ftags&post=5189"}],"curies":[{"name":"wp","href":"https:\/\/api.w.org\/{rel}","templated":true}]}}