{"id":5178,"date":"2019-06-01T18:57:27","date_gmt":"2019-06-01T17:57:27","guid":{"rendered":"https:\/\/www.feuerwehrkostheim.de\/?p=5178"},"modified":"2019-06-07T16:11:23","modified_gmt":"2019-06-07T15:11:23","slug":"erfolgreicher-tag-der-offenen-tuer","status":"publish","type":"post","link":"https:\/\/www.feuerwehrkostheim.de\/?p=5178","title":{"rendered":"Erfolgreicher Tag der offenen T\u00fcr"},"content":{"rendered":"<p><img decoding=\"async\" class=\"alignright size-medium\" style=\"border: 4px solid #D8D8D8;\" src=\"https:\/\/live.staticflickr.com\/65535\/47978203136_1738f2e849_n.jpg\" height=\"213\" \/>Nachdem die Vorbereitungen der letzten Wochen abgeschlossen waren, konnte am Vatertag p\u00fcnktlich um 10 Uhr der Tag der offenen T\u00fcr unserer Feuerwehr starten. Schon kurz vor der eigentlichen Er\u00f6ffnung warteten G\u00e4ste auf den bevorstehenden Startschuss. Ohne gro\u00dfe Anlaufzeit str\u00f6mten die Besucher auf das Festgel\u00e4nde und nutzten die angebotenen Stationen und Attraktionen.<\/p>\n<p><img decoding=\"async\" class=\"alignleft size-medium\" style=\"border: 4px solid #D8D8D8;\" src=\"https:\/\/live.staticflickr.com\/65535\/47978154937_53682fdf46_n.jpg\" height=\"213\" \/>Im Rahmen der Fahrzeugausstellung konnte man nicht nur die am Standort Kostheim vorhandenen Einsatzfahrzeuge sowie das Boot bestaunen, sondern auch zwei Sonderfahrzeuge, die auf den Wachen der Berufsfeuerwehr stationiert sind. Neben einem Tankl\u00f6schfahrzeug, dass haupts\u00e4chlich bei Einst\u00e4tzen mit ung\u00fcnstiger Wasserversorgung eingesetzt wird, war durch die IuK-Gruppe auch der ELW-2 (Einsatzleitwagen 2) ausgestellt. Ein Feuerwehrauto, das nicht nur gro\u00df aussieht, sondern auch eine Menge Technik \u2013 \u00fcberwiegend Informations- und Kommunikationstechnik \u2013 verbaut hat. Der Einsatzleitwagen wird bei Gro\u00dfeins\u00e4tzen eingesetzt, um den F\u00fchrungskr\u00e4ften ein optimales Arbeiten zu erm\u00f6glichen.<\/p>\n<p><!--more--><img decoding=\"async\" class=\"alignright size-medium\" style=\"border: 4px solid #D8D8D8;\" src=\"https:\/\/live.staticflickr.com\/65535\/47978131637_bcebffee9a_n.jpg\" height=\"320\" \/>W\u00e4hrend die Spritzwand sowie eine H\u00fcpfburg eher von den kleinsten Besuchern eifrig genutzt wurde, kam das Angebot, sich ein Erinnerungsfoto ausdrucken zu lassen, bei allen G\u00e4sten sehr gut an. Man konnte sich wie ein echter Feuerwehrmann anziehen und bekam das aufgenommene Foto direkt ausgedruckt. Als passenden Hintergrund setzten die Kameraden einen aktuell als Ger\u00e4tewagen genutzten Unimog ein.<\/p>\n<p><img decoding=\"async\" class=\"alignleft size-medium\" style=\"border: 4px solid #D8D8D8;\" src=\"https:\/\/live.staticflickr.com\/65535\/47978160983_dc2832728a_n.jpg\" height=\"213\" \/>Vortr\u00e4ge, in denen die Kostheimer Feuerwehr mit ihren einzelnen Abteilungen vorgestellt wurde, Infost\u00e4nde unserer Nachwuchsabteilungen sowie eine Ballonk\u00fcnstlerin rundeten das Angebot ebenso ab, wie das in diesem Jahr f\u00fcr die kleinen Besucher erstellte Feuerwehrquiz.<\/p>\n<p><img decoding=\"async\" class=\"alignright size-medium\" style=\"border: 4px solid #D8D8D8;\" src=\"https:\/\/live.staticflickr.com\/65535\/47978133027_aa941ee857_n.jpg\" height=\"240\" \/>Die Highlights des Tages waren jedoch die drei \u00fcber den Tag verteilten Schau\u00fcbungen, bei denen sich gemischte Gruppen aus Bambini-, Jugendfeuerwehr und Einsatzabteilung der Aufgabe stellen mussten, ein in Brand stehendes Holzh\u00e4uschen zu l\u00f6schen. Den gr\u00f6\u00dften Applaus der Zuschauer bekamen die j\u00fcngsten der jeweiligen L\u00f6schgruppen. Denn mit gerade mal 6 bis 9 Jahren waren auch die M\u00e4dels und Jungs der Bambinifeuerwehr erfolgreich beim L\u00f6schen eingesetzt. Die \u00dcbungen sollten verdeutlichen, wie wichtig eine enge Zusammenarbeit aller Abteilungen ist und dass die Nachwuchsarbeit in der Kostheimer Wehr einen sehr hohen Stellenwert einnimmt.<\/p>\n<p>Selbstverst\u00e4ndlich darf an einem solchen Tag, an dem das T-Shirt-Wetter zu einem l\u00e4ngeren Verweilen einlud, auch die Versorgung mit Speisen und Getr\u00e4nken nicht fehlen. Grill- und Crepestand sowie das zur Mittagszeit er\u00f6ffnete Kuchenbuffet boten f\u00fcr jeden Geschmack etwas an.<\/p>\n<p><img decoding=\"async\" class=\"alignleft size-medium\" style=\"border: 4px solid #D8D8D8;\" src=\"https:\/\/live.staticflickr.com\/65535\/47978157097_f889cae3cf_n.jpg\" height=\"213\" \/>Die Kostheimer Feuerwehr war \u00fcberw\u00e4ltigt vom Besucherandrang, der \u00fcber den ganzen Tag nicht abzubrechen schien. Dar\u00fcber hinaus freute man sich, dass man auch bei den G\u00e4sten aus der Politik einen positiven Eindruck hinterlassen konnte. Neben den Stichwahlkandidaten f\u00fcr das Amt des Oberb\u00fcrgermeisters, Gert-Uwe Mende und Eberhard Seidensticker, \u00fcberzeugten sich die erste Frau der Stadt, Stadtverordnetenvorsteherin Christa Gabriel sowie Stadtrat Rainer Schuster von der Arbeit der Kostheimer Feuerwehr.<\/p>\n<p>Ersch\u00f6pft aber froh \u00fcber den gelungen Tag begann am sp\u00e4ten Abend der R\u00fcckbau. Schon jetzt freut man sich auf den n\u00e4chsten Tag der offenen T\u00fcr im Jahr 2021 \u2013 dann am 13 Mai.<\/p>\n<p><img decoding=\"async\" class=\"aligncenter size-medium\" style=\"border: 4px solid #D8D8D8;\" src=\"https:\/\/live.staticflickr.com\/65535\/47980023862_f444d5a70a.jpg\" height=\"333\" \/><\/p>\n<p>[FAGP id=5181]<\/p>\n","protected":false},"excerpt":{"rendered":"<p>Nachdem die Vorbereitungen der letzten Wochen abgeschlossen waren, konnte am Vatertag p\u00fcnktlich um 10 Uhr der Tag der offenen T\u00fcr unserer Feuerwehr starten. Schon kurz vor der eigentlichen Er\u00f6ffnung warteten G\u00e4ste auf den bevorstehenden Startschuss. Ohne gro\u00dfe Anlaufzeit str\u00f6mten die Besucher auf das Festgel\u00e4nde und nutzten die angebotenen Stationen und Attraktionen. Im Rahmen der Fahrzeugausstellung [&hellip;]<\/p>\n","protected":false},"author":1,"featured_media":0,"comment_status":"closed","ping_status":"open","sticky":false,"template":"","format":"standard","meta":{"_et_pb_use_builder":"","_et_pb_old_content":"","_et_gb_content_width":"","_crdt_document":"","footnotes":""},"categories":[3,4,7,9],"tags":[578,604,31,1209,84,256],"class_list":["post-5178","post","type-post","status-publish","format-standard","hentry","category-bambinifeuerwehr","category-einsatzabteilung","category-jugendfeuerwehr","category-veranstaltungen","tag-ausstellung","tag-fahrzeugausstellung","tag-feuer","tag-loeschangriff","tag-schauubung","tag-tag-der-offenen-tur"],"_links":{"self":[{"href":"https:\/\/www.feuerwehrkostheim.de\/index.php?rest_route=\/wp\/v2\/posts\/5178","targetHints":{"allow":["GET"]}}],"collection":[{"href":"https:\/\/www.feuerwehrkostheim.de\/index.php?rest_route=\/wp\/v2\/posts"}],"about":[{"href":"https:\/\/www.feuerwehrkostheim.de\/index.php?rest_route=\/wp\/v2\/types\/post"}],"author":[{"embeddable":true,"href":"https:\/\/www.feuerwehrkostheim.de\/index.php?rest_route=\/wp\/v2\/users\/1"}],"replies":[{"embeddable":true,"href":"https:\/\/www.feuerwehrkostheim.de\/index.php?rest_route=%2Fwp%2Fv2%2Fcomments&post=5178"}],"version-history":[{"count":3,"href":"https:\/\/www.feuerwehrkostheim.de\/index.php?rest_route=\/wp\/v2\/posts\/5178\/revisions"}],"predecessor-version":[{"id":5183,"href":"https:\/\/www.feuerwehrkostheim.de\/index.php?rest_route=\/wp\/v2\/posts\/5178\/revisions\/5183"}],"wp:attachment":[{"href":"https:\/\/www.feuerwehrkostheim.de\/index.php?rest_route=%2Fwp%2Fv2%2Fmedia&parent=5178"}],"wp:term":[{"taxonomy":"category","embeddable":true,"href":"https:\/\/www.feuerwehrkostheim.de\/index.php?rest_route=%2Fwp%2Fv2%2Fcategories&post=5178"},{"taxonomy":"post_tag","embeddable":true,"href":"https:\/\/www.feuerwehrkostheim.de\/index.php?rest_route=%2Fwp%2Fv2%2Ftags&post=5178"}],"curies":[{"name":"wp","href":"https:\/\/api.w.org\/{rel}","templated":true}]}}