{"id":5172,"date":"2019-05-29T19:56:39","date_gmt":"2019-05-29T18:56:39","guid":{"rendered":"https:\/\/www.feuerwehrkostheim.de\/?p=5172"},"modified":"2019-05-29T19:56:39","modified_gmt":"2019-05-29T18:56:39","slug":"lagerfeuer-wird-durch-die-feuerwehr-abgeloescht","status":"publish","type":"post","link":"https:\/\/www.feuerwehrkostheim.de\/?p=5172","title":{"rendered":"Lagerfeuer wird durch die Feuerwehr abgel\u00f6scht"},"content":{"rendered":"<p><img loading=\"lazy\" decoding=\"async\" class=\"alignleft\" title=\"Einsatz-Logo\" src=\"https:\/\/www.feuerwehrkostheim.de\/wp-content\/bilder\/sonstige\/logo_einsatz.jpg\" alt=\"Einsatz-Logo\" width=\"100\" height=\"100\" \/><strong>28. Mai 2019 &#8211; 23:44 Uhr<br \/>\n<\/strong> <strong>Salzburger Stra\u00dfe<br \/>\n<\/strong> Einzelfahrzeugalarmierung<br \/>\nEinsatz 34 &#8211; 2019<\/p>\n<p>Gegen kurz vor Mitternacht von Dienstag auf Mittwoch alarmierte die Leitstelle ein L\u00f6schfahrzeug der Feruewehr Kostheim sowie das Basis-L\u00f6schfahrzueg der Feuerwache 2 zu einem kleineren Feuer in der Salzburger Stra\u00dfe. Nach dem Eintreffen in der Siedlung stellte man fest, dass Jugendliche ein &#8220;wildes&#8221; Lagerfeuer in der N\u00e4he eines Baumes entz\u00fcndet hatten. Dieses wurde mit der K\u00fcbelspritze vorsichthalber abgel\u00f6scht und die Polizei \u00fcbernahm die Einsatzstelle.<\/p>\n","protected":false},"excerpt":{"rendered":"<p>28. Mai 2019 &#8211; 23:44 Uhr Salzburger Stra\u00dfe Einzelfahrzeugalarmierung Einsatz 34 &#8211; 2019 Gegen kurz vor Mitternacht von Dienstag auf Mittwoch alarmierte die Leitstelle ein L\u00f6schfahrzeug der Feruewehr Kostheim sowie das Basis-L\u00f6schfahrzueg der Feuerwache 2 zu einem kleineren Feuer in der Salzburger Stra\u00dfe. Nach dem Eintreffen in der Siedlung stellte man fest, dass Jugendliche ein [&hellip;]<\/p>\n","protected":false},"author":1,"featured_media":0,"comment_status":"closed","ping_status":"open","sticky":false,"template":"","format":"standard","meta":{"_et_pb_use_builder":"","_et_pb_old_content":"","_et_gb_content_width":"","_crdt_document":"","footnotes":""},"categories":[5],"tags":[31,460],"class_list":["post-5172","post","type-post","status-publish","format-standard","hentry","category-einsatze","tag-feuer","tag-lagerfeuer"],"_links":{"self":[{"href":"https:\/\/www.feuerwehrkostheim.de\/index.php?rest_route=\/wp\/v2\/posts\/5172","targetHints":{"allow":["GET"]}}],"collection":[{"href":"https:\/\/www.feuerwehrkostheim.de\/index.php?rest_route=\/wp\/v2\/posts"}],"about":[{"href":"https:\/\/www.feuerwehrkostheim.de\/index.php?rest_route=\/wp\/v2\/types\/post"}],"author":[{"embeddable":true,"href":"https:\/\/www.feuerwehrkostheim.de\/index.php?rest_route=\/wp\/v2\/users\/1"}],"replies":[{"embeddable":true,"href":"https:\/\/www.feuerwehrkostheim.de\/index.php?rest_route=%2Fwp%2Fv2%2Fcomments&post=5172"}],"version-history":[{"count":1,"href":"https:\/\/www.feuerwehrkostheim.de\/index.php?rest_route=\/wp\/v2\/posts\/5172\/revisions"}],"predecessor-version":[{"id":5173,"href":"https:\/\/www.feuerwehrkostheim.de\/index.php?rest_route=\/wp\/v2\/posts\/5172\/revisions\/5173"}],"wp:attachment":[{"href":"https:\/\/www.feuerwehrkostheim.de\/index.php?rest_route=%2Fwp%2Fv2%2Fmedia&parent=5172"}],"wp:term":[{"taxonomy":"category","embeddable":true,"href":"https:\/\/www.feuerwehrkostheim.de\/index.php?rest_route=%2Fwp%2Fv2%2Fcategories&post=5172"},{"taxonomy":"post_tag","embeddable":true,"href":"https:\/\/www.feuerwehrkostheim.de\/index.php?rest_route=%2Fwp%2Fv2%2Ftags&post=5172"}],"curies":[{"name":"wp","href":"https:\/\/api.w.org\/{rel}","templated":true}]}}