{"id":5127,"date":"2019-05-16T18:14:50","date_gmt":"2019-05-16T17:14:50","guid":{"rendered":"https:\/\/www.feuerwehrkostheim.de\/?p=5127"},"modified":"2019-05-17T12:24:31","modified_gmt":"2019-05-17T11:24:31","slug":"kostheimer-wehr-faehrt-ueber-den-rhein-und-unterstuetzt-beim-grossbrand","status":"publish","type":"post","link":"https:\/\/www.feuerwehrkostheim.de\/?p=5127","title":{"rendered":"Kostheimer Wehr f\u00e4hrt \u00fcber den Rhein und unterst\u00fctzt beim Gro\u00dfbrand"},"content":{"rendered":"<p><img loading=\"lazy\" decoding=\"async\" class=\"alignleft\" title=\"Einsatz-Logo\" src=\"https:\/\/www.feuerwehrkostheim.de\/wp-content\/bilder\/sonstige\/logo_einsatz.jpg\" alt=\"Einsatz-Logo\" width=\"100\" height=\"100\" \/><strong>16. Mai 2019 &#8211; 06:39 Uhr<\/strong><br \/>\n<strong>Rheingoldhalle Mainz<\/strong><br \/>\nFF-Einheit \/ Alarmgruppe mit FF-Kastel<br \/>\nEinsatz 29\/30 &#8211; 2019<\/p>\n<p><img decoding=\"async\" class=\"alignright size-medium\" style=\"border: 4px solid #D8D8D8;\" src=\"https:\/\/live.staticflickr.com\/65535\/47074119054_0a55bc8d0c_n.jpg\" height=\"240\" \/>In den fr\u00fchen Morgenstunden wurde die Kostheimer Feuerwehr urspr\u00fcnglich zu einem vermeintlichen Brand im Bereich der Reduit in Mainz-Kastel alarmiert (Einsatz 29). Auf der Anfahrt zur Einsatzstelle stellte sich jedoch schnell heraus, dass die Rauchentwicklung und somit der Einsatzort auf der anderen Rheinseite in Mainz waren. Somit wurde der Einsatz f\u00fcr die Wiesbadener Einheiten vorerst abgebrochen.<\/p>\n<p>Da jedoch schnell klar war, dass die Mainzer Einsatzkr\u00e4fte zeitnah viel mehr Einsatzpersonal ben\u00f6tigen w\u00fcrden um das Feuer im Dachbereich der Rheingoldhalle gel\u00f6scht zu bekommen, beorderte die Wiesbadener Leitstelle alle Einheiten f\u00fcr den urspr\u00fcnglichen Einsatz in der Reduit nach Mainz.<\/p>\n<p><img decoding=\"async\" class=\"alignleft size-medium\" style=\"border: 4px solid #D8D8D8;\" src=\"https:\/\/live.staticflickr.com\/65535\/47074116944_e8cd75fd79_n.jpg\" height=\"240\" \/>Die Kostheimer Feuerwehr r\u00fcckte in der ersten Phase mit beiden L\u00f6schfahrzeugen in die benachbarte Landeshauptstadt aus und bekam am Br\u00fcckenplatz in Mainz angekommen, ihre Einsatzabschnitte zugeteilt. Das LF 10 beorderte man auf die Geb\u00e4uder\u00fcckseite, um dort die Kameraden des L\u00f6schzuges der Mainzer Wache 1 zu unterst\u00fctzen. Das LF16-TS verblieb auf der Vorderseite und unterst\u00fctzte diesen Abschnitt.<\/p>\n<p><!--more-->Beim Eintreffen brannten gro\u00dfe Teile der Dachkonstruktion und man versuchte von beiden Seiten dem Feuer zu Leibe zu r\u00fccken. Trotz des schnellen Eingreifens konnte nicht verhindert werden, dass sich der Brand in der verwinkelten Dachkonstruktion weiter durchfra\u00df.<\/p>\n<p><img decoding=\"async\" class=\"size-medium alignright\" style=\"border: 4px solid #D8D8D8;\" src=\"https:\/\/live.staticflickr.com\/65535\/47074119834_38c1940da8_n.jpg\" height=\"240\" \/>Nach und nach trafen weitere Feuerwehreinheiten an der Einsatzstelle ein und es begann eine mehrst\u00fcndige Brandbek\u00e4mpfung, die nur dadurch durchgef\u00fchrt werden konnte, dass man an verschiedensten Stellen das Dach \u00f6ffnete, um von dort den L\u00f6schangriff vorzunehmen. Das Feuer in den Zwischendecken bek\u00e4mpfte man nicht nur von oben sondern versuchte sich zudem auch Angriffspunkte im Inneren des Geb\u00e4udes zu schaffen. Teile der oberen Konstruktion gaben schon nach kurzer Zeit nach, sodass bis zum abschlie\u00dfenden Abkl\u00e4ren \u00fcber den Aufbau und die Tragf\u00e4higkeit ein bedenkenloses Betreten nicht mehr m\u00f6glich war.<\/p>\n<p>Immer wieder schaffte sich das Feuer zur\u00fcck und es musste \u00fcberlegt werden, wie ein erfolgreicher L\u00f6schangriff durchgef\u00fchrt werden kann. Man entschied sich, gro\u00dfe Teile \u2013 zumindest der zur Rheinstra\u00dfe gelegenen \u2013 Dachfl\u00e4che mit Schaum zu fluten. Hierzu waren zeitweise sechs Drehleitern eingesetzt.<\/p>\n<p><img decoding=\"async\" class=\"alignleft size-medium\" style=\"border: 4px solid #D8D8D8;\" src=\"https:\/\/live.staticflickr.com\/65535\/33986321538_366b96a7e0_n.jpg\" height=\"240\" \/>Auf dem Flachdach der Geb\u00e4uder\u00fcckseite konzentrierte man sich darauf, dass sich das Feuer nicht unbemerkt weiter unter den Bitumenbahnen ausbreiten konnte. Mit schwerem Ger\u00e4t und gr\u00f6\u00dftenteils unter Atemschutz \u00f6ffnete man die Dachhaut an verschiedenen Stellen, um von diesen Zugriffspunkten L\u00f6schwasser samt Schaummittelzumischung einbringen zu k\u00f6nnen.<\/p>\n<p>Sieben Stunden nach Beginn des Einsatzes wurde die Kostheimer Wehr aus dem Einsatz herausgel\u00f6st. Zu diesem Zeitpunkt war das Feuer gr\u00f6\u00dftenteils aus und die restlichen Einheiten konzentrierten sich auf die umfangreichen Nachl\u00f6scharbeiten. Neben den Einheiten der Feuerwehr waren auch das Technische Hilfswerk in die Arbeiten \u2013 speziell das \u00d6ffnen der Dachhaut \u2013 eingebunden.<\/p>\n<p><img decoding=\"async\" class=\"alignright size-medium\" style=\"border: 4px solid #D8D8D8;\" src=\"https:\/\/live.staticflickr.com\/65535\/47074130384_785c49b1f4_n.jpg\" height=\"240\" \/>Bis die Kameraden aus Kostheim, die letztendlich mit allen drei Einsatzfahrzeugen und 18 Kr\u00e4ften in Mainz eingebunden waren, alle Fahrzeuge wieder aufger\u00fcstet hatten vergingen noch einmal gut 2 Stunden. Um 15:50 Uhr g\u00f6nnte man sich zum Abschluss des anstrengenden Tages ein kleines Feierabendeis im Ger\u00e4tehaus.<\/p>\n<p>Die Zusammenarbeit mit den hauptamtlichen und freiwilligen Kameraden aus Mainz verlief aus Kostheimer Sicht \u00e4u\u00dferst reibungslos und strukturiert. Auch wenn man die Zusammenarbeit gerne nur bei einer gemeinsamen \u00dcbung durchgef\u00fchrt h\u00e4tte, zeigt es, dass beide Landeshauptst\u00e4tte in Extremsituationen sich gegenseitig tatkr\u00e4ftig erg\u00e4nzen.<\/p>\n<p>[FAGP id=5128]<\/p>\n","protected":false},"excerpt":{"rendered":"<p>16. Mai 2019 &#8211; 06:39 Uhr Rheingoldhalle Mainz FF-Einheit \/ Alarmgruppe mit FF-Kastel Einsatz 29\/30 &#8211; 2019 In den fr\u00fchen Morgenstunden wurde die Kostheimer Feuerwehr urspr\u00fcnglich zu einem vermeintlichen Brand im Bereich der Reduit in Mainz-Kastel alarmiert (Einsatz 29). Auf der Anfahrt zur Einsatzstelle stellte sich jedoch schnell heraus, dass die Rauchentwicklung und somit der [&hellip;]<\/p>\n","protected":false},"author":1,"featured_media":0,"comment_status":"closed","ping_status":"open","sticky":false,"template":"","format":"standard","meta":{"_et_pb_use_builder":"","_et_pb_old_content":"","_et_gb_content_width":"","_crdt_document":"","footnotes":""},"categories":[5],"tags":[527,305,888,31,267,68,1205,442],"class_list":["post-5127","post","type-post","status-publish","format-standard","hentry","category-einsatze","tag-dach","tag-dachstuhl","tag-decke","tag-feuer","tag-grosbrand","tag-mainz","tag-rheingoldhalle","tag-zwischendecke"],"_links":{"self":[{"href":"https:\/\/www.feuerwehrkostheim.de\/index.php?rest_route=\/wp\/v2\/posts\/5127","targetHints":{"allow":["GET"]}}],"collection":[{"href":"https:\/\/www.feuerwehrkostheim.de\/index.php?rest_route=\/wp\/v2\/posts"}],"about":[{"href":"https:\/\/www.feuerwehrkostheim.de\/index.php?rest_route=\/wp\/v2\/types\/post"}],"author":[{"embeddable":true,"href":"https:\/\/www.feuerwehrkostheim.de\/index.php?rest_route=\/wp\/v2\/users\/1"}],"replies":[{"embeddable":true,"href":"https:\/\/www.feuerwehrkostheim.de\/index.php?rest_route=%2Fwp%2Fv2%2Fcomments&post=5127"}],"version-history":[{"count":4,"href":"https:\/\/www.feuerwehrkostheim.de\/index.php?rest_route=\/wp\/v2\/posts\/5127\/revisions"}],"predecessor-version":[{"id":5132,"href":"https:\/\/www.feuerwehrkostheim.de\/index.php?rest_route=\/wp\/v2\/posts\/5127\/revisions\/5132"}],"wp:attachment":[{"href":"https:\/\/www.feuerwehrkostheim.de\/index.php?rest_route=%2Fwp%2Fv2%2Fmedia&parent=5127"}],"wp:term":[{"taxonomy":"category","embeddable":true,"href":"https:\/\/www.feuerwehrkostheim.de\/index.php?rest_route=%2Fwp%2Fv2%2Fcategories&post=5127"},{"taxonomy":"post_tag","embeddable":true,"href":"https:\/\/www.feuerwehrkostheim.de\/index.php?rest_route=%2Fwp%2Fv2%2Ftags&post=5127"}],"curies":[{"name":"wp","href":"https:\/\/api.w.org\/{rel}","templated":true}]}}