{"id":5121,"date":"2019-05-07T13:05:09","date_gmt":"2019-05-07T12:05:09","guid":{"rendered":"https:\/\/www.feuerwehrkostheim.de\/?p=5121"},"modified":"2019-05-07T13:05:09","modified_gmt":"2019-05-07T12:05:09","slug":"holzstapel-geht-in-flammen-auf","status":"publish","type":"post","link":"https:\/\/www.feuerwehrkostheim.de\/?p=5121","title":{"rendered":"Holzstapel geht in Flammen auf"},"content":{"rendered":"<p><img loading=\"lazy\" decoding=\"async\" class=\"alignleft\" title=\"Einsatz-Logo\" src=\"https:\/\/www.feuerwehrkostheim.de\/wp-content\/bilder\/sonstige\/logo_einsatz.jpg\" alt=\"Einsatz-Logo\" width=\"100\" height=\"100\" \/><strong>06. Mai 2019 &#8211; 23:33 Uhr<\/strong><br \/>\n<strong>Steigweg<\/strong><br \/>\nFF-Einheit<br \/>\nEinsatz 27 &#8211; 2019<\/p>\n<p><img loading=\"lazy\" decoding=\"async\" class=\"alignright size-medium\" src=\"https:\/\/live.staticflickr.com\/65535\/46876393865_0b1d994d89_n.jpg\" width=\"320\" height=\"240\" \/>In der Nacht von Montag auf Dienstag war die Kostheimer Feuerwehr zusammen mit den Kollegen der Berufsfeuerwehr mit einem gr\u00f6\u00dferem Holzstapelbrand im Steigweg besch\u00e4ftigt. Ausgegangen von einem vermeintlichen Gartenhausbrand r\u00fcckten die Kr\u00e4fte in die Feldgemarkung n\u00f6rdlich der Bahnlinie aus. Heller Feuerschein war schon vor dem Eintreffen an der Einsatzstelle zu sehen.<\/p>\n<p>Am Brandort angekommen, stellte man fest, dass keine Gartenhuette brannte, sondern ein gr\u00f6\u00dferer Stapel Holz samt eines Baumes, der mittig im brennenden Haufen stand. Durch zwei Trupps unter Atemschutz wurden umgehend zwei Strahlrohre vorgenommen um das Feuer schnellst m\u00f6glich einzud\u00e4mmen. Mit einem Pendelverkehr durch das ebenfalls anger\u00fcckte Tankl\u00f6schfahrzeug sorgte man f\u00fcr die Bereitstellung von ausreichend L\u00f6schwasser. Nachdem das Feuer schnell einged\u00e4mmt werden konnte, zogen sich die Nachl\u00f6scharbeiten \u00fcber einen l\u00e4ngeren Zeitraum hin.<\/p>\n<p><!--more--><\/p>\n<p><img loading=\"lazy\" decoding=\"async\" class=\"alignleft size-medium\" src=\"https:\/\/live.staticflickr.com\/65535\/33915834538_f30238a3a9_n.jpg\" width=\"320\" height=\"240\" \/>Neben dem Auseinanderziehen des Stapels, um an auch die letzten Glutnester zu gelangen, wurde auch sicherheitshalber der vom Brand stark in Mitleidenschaft gezogene Baum mittels einer Motorkettens\u00e4ge gef\u00e4llt.<\/p>\n<p>Nach etwas mehr als zwei Stunden konnte der Einsatz im Steigweg beendet werden. Verschmutzte Ger\u00e4tschaften wurden noch gereinigt und verbrauchtes Schlauchmaterial wieder aufgef\u00fcllt.<\/p>\n<p>\u00dcber die Brandursache konnte zum Zeitpunkt des Einsatzes keine Angaben gemacht werden. Von der Kostheimer Wehr waren insgesamt 19 Kr\u00e4fte beteiligt, seitens der Berufsfeuerwehr waren das Basis-L\u00f6schfahrzeug sowie ein Tankl\u00f6schfahrzeug im Einsatz. Verschmutztes Material verbrachte man mit einem Ger\u00e4tewagen von der Einsatzstelle zur\u00fcck zur Wache 2.<\/p>\n<p>[FAGP id=5120]<\/p>\n","protected":false},"excerpt":{"rendered":"<p>06. Mai 2019 &#8211; 23:33 Uhr Steigweg FF-Einheit Einsatz 27 &#8211; 2019 In der Nacht von Montag auf Dienstag war die Kostheimer Feuerwehr zusammen mit den Kollegen der Berufsfeuerwehr mit einem gr\u00f6\u00dferem Holzstapelbrand im Steigweg besch\u00e4ftigt. Ausgegangen von einem vermeintlichen Gartenhausbrand r\u00fcckten die Kr\u00e4fte in die Feldgemarkung n\u00f6rdlich der Bahnlinie aus. Heller Feuerschein war schon [&hellip;]<\/p>\n","protected":false},"author":1,"featured_media":0,"comment_status":"closed","ping_status":"open","sticky":false,"template":"","format":"standard","meta":{"_et_pb_use_builder":"","_et_pb_old_content":"","_et_gb_content_width":"","_crdt_document":"","footnotes":""},"categories":[5],"tags":[50,31,863,1204,1158],"class_list":["post-5121","post","type-post","status-publish","format-standard","hentry","category-einsatze","tag-brand","tag-feuer","tag-garten","tag-holzstapel","tag-pendelverkehr"],"_links":{"self":[{"href":"https:\/\/www.feuerwehrkostheim.de\/index.php?rest_route=\/wp\/v2\/posts\/5121","targetHints":{"allow":["GET"]}}],"collection":[{"href":"https:\/\/www.feuerwehrkostheim.de\/index.php?rest_route=\/wp\/v2\/posts"}],"about":[{"href":"https:\/\/www.feuerwehrkostheim.de\/index.php?rest_route=\/wp\/v2\/types\/post"}],"author":[{"embeddable":true,"href":"https:\/\/www.feuerwehrkostheim.de\/index.php?rest_route=\/wp\/v2\/users\/1"}],"replies":[{"embeddable":true,"href":"https:\/\/www.feuerwehrkostheim.de\/index.php?rest_route=%2Fwp%2Fv2%2Fcomments&post=5121"}],"version-history":[{"count":1,"href":"https:\/\/www.feuerwehrkostheim.de\/index.php?rest_route=\/wp\/v2\/posts\/5121\/revisions"}],"predecessor-version":[{"id":5122,"href":"https:\/\/www.feuerwehrkostheim.de\/index.php?rest_route=\/wp\/v2\/posts\/5121\/revisions\/5122"}],"wp:attachment":[{"href":"https:\/\/www.feuerwehrkostheim.de\/index.php?rest_route=%2Fwp%2Fv2%2Fmedia&parent=5121"}],"wp:term":[{"taxonomy":"category","embeddable":true,"href":"https:\/\/www.feuerwehrkostheim.de\/index.php?rest_route=%2Fwp%2Fv2%2Fcategories&post=5121"},{"taxonomy":"post_tag","embeddable":true,"href":"https:\/\/www.feuerwehrkostheim.de\/index.php?rest_route=%2Fwp%2Fv2%2Ftags&post=5121"}],"curies":[{"name":"wp","href":"https:\/\/api.w.org\/{rel}","templated":true}]}}