{"id":5112,"date":"2019-04-14T13:35:23","date_gmt":"2019-04-14T12:35:23","guid":{"rendered":"https:\/\/www.feuerwehrkostheim.de\/?p=5112"},"modified":"2019-06-01T18:19:00","modified_gmt":"2019-06-01T17:19:00","slug":"tag-der-offenen-tuer-am-30-mai-vatertag","status":"publish","type":"post","link":"https:\/\/www.feuerwehrkostheim.de\/?p=5112","title":{"rendered":"&#8220;Tag der offenen T\u00fcr&#8221; am 30. Mai &#8211; Vatertag"},"content":{"rendered":"<p><a href=\"https:\/\/www.feuerwehrkostheim.de\/wp-content\/uploads\/2019\/04\/2019-05-30_tdot.jpg\" target=\"_blank\" rel=\"noopener noreferrer\"><img loading=\"lazy\" decoding=\"async\" class=\"alignright wp-image-5111 size-medium\" src=\"https:\/\/www.feuerwehrkostheim.de\/wp-content\/uploads\/2019\/04\/2019-05-30_tdot-212x300.jpg\" alt=\"\" width=\"212\" height=\"300\" srcset=\"https:\/\/www.feuerwehrkostheim.de\/wp-content\/uploads\/2019\/04\/2019-05-30_tdot-212x300.jpg 212w, https:\/\/www.feuerwehrkostheim.de\/wp-content\/uploads\/2019\/04\/2019-05-30_tdot-768x1086.jpg 768w, https:\/\/www.feuerwehrkostheim.de\/wp-content\/uploads\/2019\/04\/2019-05-30_tdot-724x1024.jpg 724w, https:\/\/www.feuerwehrkostheim.de\/wp-content\/uploads\/2019\/04\/2019-05-30_tdot.jpg 1754w\" sizes=\"(max-width: 212px) 100vw, 212px\" \/><\/a>Am 30. Mai 2019 (Vatertag) veranstaltet die Kostheimer Feuerwehr wieder ihren im Zweijahresrhythmus stattfindenden \u201eTag der offenen T\u00fcr\u201c. In der Zeit zwischen 10 und 17 Uhr haben die G\u00e4ste die M\u00f6glichkeit, sich \u00fcber das etwas andere Hobby Feuerwehr sowie dessen umfangreiche Aufgabenbereiche zu informieren. Da die Nachwuchsarbeit, neben dem Einsatzdienst, stets im Fokus steht, k\u00f6nnen an diesem Tag interessierte Kinder und Jugendliche hautnah Informationen \u00fcber die Bambini- und Jugendfeuerwehr einholen. F\u00fcr das leibliche Wohl ist selbstverst\u00e4ndlich auch gesorgt, sodass einem gem\u00fctlichen Aufenthalt im Kreise der Feuerwehr Kostheim nichts im Wege steht.<\/p>\n","protected":false},"excerpt":{"rendered":"<p>Am 30. Mai 2019 (Vatertag) veranstaltet die Kostheimer Feuerwehr wieder ihren im Zweijahresrhythmus stattfindenden \u201eTag der offenen T\u00fcr\u201c. In der Zeit zwischen 10 und 17 Uhr haben die G\u00e4ste die M\u00f6glichkeit, sich \u00fcber das etwas andere Hobby Feuerwehr sowie dessen umfangreiche Aufgabenbereiche zu informieren. Da die Nachwuchsarbeit, neben dem Einsatzdienst, stets im Fokus steht, k\u00f6nnen [&hellip;]<\/p>\n","protected":false},"author":1,"featured_media":0,"comment_status":"closed","ping_status":"open","sticky":false,"template":"","format":"standard","meta":{"_et_pb_use_builder":"","_et_pb_old_content":"","_et_gb_content_width":"","_crdt_document":"","footnotes":""},"categories":[3,4,7,9],"tags":[578,1203,1202,256,250],"class_list":["post-5112","post","type-post","status-publish","format-standard","hentry","category-bambinifeuerwehr","category-einsatzabteilung","category-jugendfeuerwehr","category-veranstaltungen","tag-ausstellung","tag-getraenke","tag-speisen","tag-tag-der-offenen-tur","tag-vatertag"],"_links":{"self":[{"href":"https:\/\/www.feuerwehrkostheim.de\/index.php?rest_route=\/wp\/v2\/posts\/5112","targetHints":{"allow":["GET"]}}],"collection":[{"href":"https:\/\/www.feuerwehrkostheim.de\/index.php?rest_route=\/wp\/v2\/posts"}],"about":[{"href":"https:\/\/www.feuerwehrkostheim.de\/index.php?rest_route=\/wp\/v2\/types\/post"}],"author":[{"embeddable":true,"href":"https:\/\/www.feuerwehrkostheim.de\/index.php?rest_route=\/wp\/v2\/users\/1"}],"replies":[{"embeddable":true,"href":"https:\/\/www.feuerwehrkostheim.de\/index.php?rest_route=%2Fwp%2Fv2%2Fcomments&post=5112"}],"version-history":[{"count":1,"href":"https:\/\/www.feuerwehrkostheim.de\/index.php?rest_route=\/wp\/v2\/posts\/5112\/revisions"}],"predecessor-version":[{"id":5113,"href":"https:\/\/www.feuerwehrkostheim.de\/index.php?rest_route=\/wp\/v2\/posts\/5112\/revisions\/5113"}],"wp:attachment":[{"href":"https:\/\/www.feuerwehrkostheim.de\/index.php?rest_route=%2Fwp%2Fv2%2Fmedia&parent=5112"}],"wp:term":[{"taxonomy":"category","embeddable":true,"href":"https:\/\/www.feuerwehrkostheim.de\/index.php?rest_route=%2Fwp%2Fv2%2Fcategories&post=5112"},{"taxonomy":"post_tag","embeddable":true,"href":"https:\/\/www.feuerwehrkostheim.de\/index.php?rest_route=%2Fwp%2Fv2%2Ftags&post=5112"}],"curies":[{"name":"wp","href":"https:\/\/api.w.org\/{rel}","templated":true}]}}