{"id":5085,"date":"2019-03-27T17:23:04","date_gmt":"2019-03-27T16:23:04","guid":{"rendered":"https:\/\/www.feuerwehrkostheim.de\/?p=5085"},"modified":"2019-03-27T17:23:04","modified_gmt":"2019-03-27T16:23:04","slug":"rauchentwicklung-ueber-den-krautgaerten","status":"publish","type":"post","link":"https:\/\/www.feuerwehrkostheim.de\/?p=5085","title":{"rendered":"Rauchentwicklung \u00fcber den Krautg\u00e4rten"},"content":{"rendered":"<p><img loading=\"lazy\" decoding=\"async\" class=\"alignleft\" title=\"Einsatz-Logo\" src=\"https:\/\/www.feuerwehrkostheim.de\/wp-content\/bilder\/sonstige\/logo_einsatz.jpg\" alt=\"Einsatz-Logo\" width=\"100\" height=\"100\" \/><strong>27. M\u00e4rz 2019 &#8211; 10:42 Uhr<\/strong><br \/>\n<strong>Castellumstra\u00dfe<\/strong><br \/>\nFF-Einheit \/ Alarmgruppe mit FF-Kastel<br \/>\nEinsatz 23 &#8211; 2019<\/p>\n<p>Eine gr\u00f6\u00dfere Rauchentwicklung im Bereich der Castellumstra\u00dfe war Ausl\u00f6ser eines Feuerwehreinsatzes am Mittwochvormittag. Neben den Wehren Kostheim sowie Kastel als Alarmgruppe wurde auch der L\u00f6schzug der Feuerwache 2 alarmiert. Schon auf der Anfahrt konnten die Kr\u00e4fte die Rauchwolke best\u00e4tigen. Nach Eintreffen an der vermeintlichen Einsatzstelle konnte jedoch schnell Entwarnung gegeben werden. Der Grund f\u00fcr die massive Rauchentwicklung war ein angemeldetes Nutzfeuer im Bereich eines Feldes.<br \/>\nDie Feuerwehr konnte somit unverrichteter Dinge wieder einr\u00fccken.<\/p>\n","protected":false},"excerpt":{"rendered":"<p>27. M\u00e4rz 2019 &#8211; 10:42 Uhr Castellumstra\u00dfe FF-Einheit \/ Alarmgruppe mit FF-Kastel Einsatz 23 &#8211; 2019 Eine gr\u00f6\u00dfere Rauchentwicklung im Bereich der Castellumstra\u00dfe war Ausl\u00f6ser eines Feuerwehreinsatzes am Mittwochvormittag. Neben den Wehren Kostheim sowie Kastel als Alarmgruppe wurde auch der L\u00f6schzug der Feuerwache 2 alarmiert. Schon auf der Anfahrt konnten die Kr\u00e4fte die Rauchwolke best\u00e4tigen. [&hellip;]<\/p>\n","protected":false},"author":1,"featured_media":0,"comment_status":"closed","ping_status":"open","sticky":false,"template":"","format":"standard","meta":{"_et_pb_use_builder":"","_et_pb_old_content":"","_et_gb_content_width":"","_crdt_document":"","footnotes":""},"categories":[5],"tags":[1196,112,461,366,111],"class_list":["post-5085","post","type-post","status-publish","format-standard","hentry","category-einsatze","tag-angemeldet","tag-brandverdacht","tag-nutzfeuer","tag-rauch","tag-rauchentwicklung"],"_links":{"self":[{"href":"https:\/\/www.feuerwehrkostheim.de\/index.php?rest_route=\/wp\/v2\/posts\/5085","targetHints":{"allow":["GET"]}}],"collection":[{"href":"https:\/\/www.feuerwehrkostheim.de\/index.php?rest_route=\/wp\/v2\/posts"}],"about":[{"href":"https:\/\/www.feuerwehrkostheim.de\/index.php?rest_route=\/wp\/v2\/types\/post"}],"author":[{"embeddable":true,"href":"https:\/\/www.feuerwehrkostheim.de\/index.php?rest_route=\/wp\/v2\/users\/1"}],"replies":[{"embeddable":true,"href":"https:\/\/www.feuerwehrkostheim.de\/index.php?rest_route=%2Fwp%2Fv2%2Fcomments&post=5085"}],"version-history":[{"count":1,"href":"https:\/\/www.feuerwehrkostheim.de\/index.php?rest_route=\/wp\/v2\/posts\/5085\/revisions"}],"predecessor-version":[{"id":5086,"href":"https:\/\/www.feuerwehrkostheim.de\/index.php?rest_route=\/wp\/v2\/posts\/5085\/revisions\/5086"}],"wp:attachment":[{"href":"https:\/\/www.feuerwehrkostheim.de\/index.php?rest_route=%2Fwp%2Fv2%2Fmedia&parent=5085"}],"wp:term":[{"taxonomy":"category","embeddable":true,"href":"https:\/\/www.feuerwehrkostheim.de\/index.php?rest_route=%2Fwp%2Fv2%2Fcategories&post=5085"},{"taxonomy":"post_tag","embeddable":true,"href":"https:\/\/www.feuerwehrkostheim.de\/index.php?rest_route=%2Fwp%2Fv2%2Ftags&post=5085"}],"curies":[{"name":"wp","href":"https:\/\/api.w.org\/{rel}","templated":true}]}}