{"id":5066,"date":"2019-03-13T16:24:51","date_gmt":"2019-03-13T15:24:51","guid":{"rendered":"https:\/\/www.feuerwehrkostheim.de\/?p=5066"},"modified":"2019-03-13T16:27:22","modified_gmt":"2019-03-13T15:27:22","slug":"grossaufgabot-an-rettungskraeften-in-folge-einer-falschmeldung","status":"publish","type":"post","link":"https:\/\/www.feuerwehrkostheim.de\/?p=5066","title":{"rendered":"Gro\u00dfaufgebot an Rettungskr\u00e4ften in Folge einer Falschmeldung"},"content":{"rendered":"<p><img loading=\"lazy\" decoding=\"async\" class=\"alignleft\" title=\"Einsatz-Logo\" src=\"https:\/\/www.feuerwehrkostheim.de\/wp-content\/bilder\/sonstige\/logo_einsatz.jpg\" alt=\"Einsatz-Logo\" width=\"100\" height=\"100\" \/><strong>13. M\u00e4rz 2019 &#8211; 14:21 Uhr<\/strong><br \/>\n<strong>Rhein &#8211; H\u00f6he TH-Br\u00fccke<\/strong><br \/>\nEinzelfahrzeugalarmierung<br \/>\nEinsatz 20 &#8211; 2019<\/p>\n<p>Nur eine Woche nach dem letzten Wasserrettungseinsatz wurden die zugeh\u00f6rigen Einheiten am Mittwochmittag aufgrund der Meldung, eine Person w\u00fcrde im Rhein treiben, gegen 14:20 Uhr erneut alarmiert. Wieder war der Einsatzabschnitt im Bereich der Theodor-Heuss-Br\u00fccke gemeldet, den die Einsatzkr\u00e4fte beider Rheinseiten\u00a0 ansteuerten. Trotz intensiver Suche konnte auch nach knapp 45 Minuten keine Feststellung gemacht werden, woraufhin der Einsatz um kurz nach 15 Uhr abgebrochen wurde. Die eingebundenen Einheiten \u2013 darunter auch die Kostheimer Feuerwehr \u2013 konnten unverrichteter Dinge wieder einr\u00fccken. Wie die Polizei Mainz sp\u00e4ter mitteilte, soll es sich bei dem Notruf um einen gezielten Missbrauch gehandelt haben.<\/p>\n","protected":false},"excerpt":{"rendered":"<p>13. M\u00e4rz 2019 &#8211; 14:21 Uhr Rhein &#8211; H\u00f6he TH-Br\u00fccke Einzelfahrzeugalarmierung Einsatz 20 &#8211; 2019 Nur eine Woche nach dem letzten Wasserrettungseinsatz wurden die zugeh\u00f6rigen Einheiten am Mittwochmittag aufgrund der Meldung, eine Person w\u00fcrde im Rhein treiben, gegen 14:20 Uhr erneut alarmiert. Wieder war der Einsatzabschnitt im Bereich der Theodor-Heuss-Br\u00fccke gemeldet, den die Einsatzkr\u00e4fte beider [&hellip;]<\/p>\n","protected":false},"author":1,"featured_media":0,"comment_status":"closed","ping_status":"open","sticky":false,"template":"","format":"standard","meta":{"_et_pb_use_builder":"","_et_pb_old_content":"","_et_gb_content_width":"","_crdt_document":"","footnotes":""},"categories":[5],"tags":[986,686,470,520,403,1019],"class_list":["post-5066","post","type-post","status-publish","format-standard","hentry","category-einsatze","tag-beobachtungspunkt","tag-mzb","tag-person","tag-rhein","tag-wasser","tag-wasserrettungseinsatz"],"_links":{"self":[{"href":"https:\/\/www.feuerwehrkostheim.de\/index.php?rest_route=\/wp\/v2\/posts\/5066","targetHints":{"allow":["GET"]}}],"collection":[{"href":"https:\/\/www.feuerwehrkostheim.de\/index.php?rest_route=\/wp\/v2\/posts"}],"about":[{"href":"https:\/\/www.feuerwehrkostheim.de\/index.php?rest_route=\/wp\/v2\/types\/post"}],"author":[{"embeddable":true,"href":"https:\/\/www.feuerwehrkostheim.de\/index.php?rest_route=\/wp\/v2\/users\/1"}],"replies":[{"embeddable":true,"href":"https:\/\/www.feuerwehrkostheim.de\/index.php?rest_route=%2Fwp%2Fv2%2Fcomments&post=5066"}],"version-history":[{"count":2,"href":"https:\/\/www.feuerwehrkostheim.de\/index.php?rest_route=\/wp\/v2\/posts\/5066\/revisions"}],"predecessor-version":[{"id":5068,"href":"https:\/\/www.feuerwehrkostheim.de\/index.php?rest_route=\/wp\/v2\/posts\/5066\/revisions\/5068"}],"wp:attachment":[{"href":"https:\/\/www.feuerwehrkostheim.de\/index.php?rest_route=%2Fwp%2Fv2%2Fmedia&parent=5066"}],"wp:term":[{"taxonomy":"category","embeddable":true,"href":"https:\/\/www.feuerwehrkostheim.de\/index.php?rest_route=%2Fwp%2Fv2%2Fcategories&post=5066"},{"taxonomy":"post_tag","embeddable":true,"href":"https:\/\/www.feuerwehrkostheim.de\/index.php?rest_route=%2Fwp%2Fv2%2Ftags&post=5066"}],"curies":[{"name":"wp","href":"https:\/\/api.w.org\/{rel}","templated":true}]}}