{"id":5061,"date":"2019-03-11T16:49:33","date_gmt":"2019-03-11T15:49:33","guid":{"rendered":"https:\/\/www.feuerwehrkostheim.de\/?p=5061"},"modified":"2019-03-11T17:01:10","modified_gmt":"2019-03-11T16:01:10","slug":"unwettereinsaetze-wegen-sturmtief-eberhard","status":"publish","type":"post","link":"https:\/\/www.feuerwehrkostheim.de\/?p=5061","title":{"rendered":"Unwettereins\u00e4tze wegen Sturmtief &#8220;Eberhard&#8221;"},"content":{"rendered":"<p><img loading=\"lazy\" decoding=\"async\" class=\"alignleft\" title=\"Einsatz-Logo\" src=\"https:\/\/www.feuerwehrkostheim.de\/wp-content\/bilder\/sonstige\/logo_einsatz.jpg\" alt=\"Einsatz-Logo\" width=\"100\" height=\"100\" \/><strong>10. M\u00e4rz 2019 &#8211; 15:18 Uhr<\/strong><br \/>\n<strong>Stadtgebiet<\/strong><br \/>\nFF-Einheit<br \/>\nEins\u00e4tze 13-19 &#8211; 2019<\/p>\n<p><img decoding=\"async\" class=\"alignright size-medium\" style=\"border: 4px solid #D8D8D8;\" src=\"https:\/\/farm8.staticflickr.com\/7821\/46626877074_ed27a316a6_n.jpg\" height=\"240\" \/>Am Sonntagmittag \u00fcberquerte das Sturmtief \u201eEberhard\u201c das Wiesbadener Stadtgebiet und sorgte f\u00fcr zahlreiche Feuerwehreins\u00e4tze. Die bis zu 120 km\/h schweren Sturmb\u00f6en lie\u00dfen B\u00e4ume umknicken, Schilder wegfliegen, l\u00f6sten Dachteile und sorgten damit auch f\u00fcr erhebliche Behinderungen. Auf dem Neroberg waren zeitweise \u00fcber ein Dutzend Personen \u201eeingeschlossen\u201c und im Schiersteiner Hafen drohte ein Boot, sich von einem Steg loszurei\u00dfen.<\/p>\n<p>Nachdem die ersten Eins\u00e4tze gegen 14 Uhr abgearbeitet werden mussten, spitzte sich die Lage gegen 15 Uhr merklich zu. Zahlreiche Notrufe erreichten die Rettungsleitstelle, die umgehend alle Freiwillige Feuerwehren Wiesbadens in Einsatzbereitschaft versetzte. Die ebenfalls alarmierte IuK-Gruppe unterst\u00fctze das Leitstellenpersonal beim Disponieren der eingehenden Eins\u00e4tze. Erst gegen 20 Uhr ebbte das Einsatzgeschehen merklich ab.<\/p>\n<p><!--more--><img decoding=\"async\" class=\"alignleft size-medium\" style=\"border: 4px solid #D8D8D8;\" src=\"https:\/\/farm8.staticflickr.com\/7865\/46626874424_a10d93c0d0_n.jpg\" height=\"240\" \/>Die Kostheimer Feuerwehr wurde um kurz nach 15 Uhr alarmiert und war bis kurz nach 21 Uhr vorwiegend im Stadtteil Biebrich im Einsatz. Insgesamt mussten sieben Eins\u00e4tze von den 22 Kameraden abgearbeitet werden. Neben umgest\u00fcrzten B\u00e4umen und Verkehrsschildern war auch ein durch den Sturm besch\u00e4digtes Dach am Biebricher Schlosspark Einsatzschwerpunkt.<\/p>\n<p><strong>Folgende Einsatzstellen mussten von der FF-Kostheim angefahren werden:<\/strong><br \/>\n15:29 Uhr Andreas-Hofer-Stra\u00dfe 22 (Biebrich) \u2013 Baum auf Fahrbahn<br \/>\n16:06 Uhr Albert-Schweitzer-Allee (Biebrich) \u2013 umgest\u00fcrzte B\u00e4ume, lose \u00c4ste<br \/>\n16:07 Uhr Am Schlo\u00dfpark 7 (Biebrich) \u2013 lose Dachziegeln<br \/>\n16:40 Uhr Breslauer Stra\u00dfe 52 (Biebrich) \u2013 Baum droht umzust\u00fcrzen<br \/>\n17:04 Uhr Otto-Wallach-Stra\u00dfe (Biebrich) \u2013 Umgest\u00fcrzter Baum<br \/>\n18:45 Uhr Eichenstra\u00dfe 42 (Kostheim) \u2013 Umgest\u00fcrzte Verkehrsschilder<br \/>\n20:37 Uhr Fl\u00f6rsheimer Stra\u00dfe (Kostheim) \u2013 lose \u00c4ste \u00fcber Gehweg<\/p>\n<div style=\"width: 330px\" class=\"wp-caption aligncenter\"><img loading=\"lazy\" decoding=\"async\" style=\"border: 4px solid #D8D8D8;\" src=\"https:\/\/farm8.staticflickr.com\/7873\/33474037098_272d5855b6_n.jpg\" width=\"320\" height=\"240\" \/><p class=\"wp-caption-text\">Warten auf den n\u00e4chsten Einsatzauftrag<\/p><\/div>\n<p>[FAGP id=5060]<\/p>\n","protected":false},"excerpt":{"rendered":"<p>10. M\u00e4rz 2019 &#8211; 15:18 Uhr Stadtgebiet FF-Einheit Eins\u00e4tze 13-19 &#8211; 2019 Am Sonntagmittag \u00fcberquerte das Sturmtief \u201eEberhard\u201c das Wiesbadener Stadtgebiet und sorgte f\u00fcr zahlreiche Feuerwehreins\u00e4tze. Die bis zu 120 km\/h schweren Sturmb\u00f6en lie\u00dfen B\u00e4ume umknicken, Schilder wegfliegen, l\u00f6sten Dachteile und sorgten damit auch f\u00fcr erhebliche Behinderungen. Auf dem Neroberg waren zeitweise \u00fcber ein Dutzend [&hellip;]<\/p>\n","protected":false},"author":1,"featured_media":0,"comment_status":"closed","ping_status":"open","sticky":false,"template":"","format":"standard","meta":{"_et_pb_use_builder":"","_et_pb_old_content":"","_et_gb_content_width":"","_crdt_document":"","footnotes":""},"categories":[5],"tags":[410,438,1122,511,89,542],"class_list":["post-5061","post","type-post","status-publish","format-standard","hentry","category-einsatze","tag-biebrich","tag-stadtgebiet","tag-sturm","tag-sturmtief","tag-unwetter","tag-unwettereinsatz"],"_links":{"self":[{"href":"https:\/\/www.feuerwehrkostheim.de\/index.php?rest_route=\/wp\/v2\/posts\/5061","targetHints":{"allow":["GET"]}}],"collection":[{"href":"https:\/\/www.feuerwehrkostheim.de\/index.php?rest_route=\/wp\/v2\/posts"}],"about":[{"href":"https:\/\/www.feuerwehrkostheim.de\/index.php?rest_route=\/wp\/v2\/types\/post"}],"author":[{"embeddable":true,"href":"https:\/\/www.feuerwehrkostheim.de\/index.php?rest_route=\/wp\/v2\/users\/1"}],"replies":[{"embeddable":true,"href":"https:\/\/www.feuerwehrkostheim.de\/index.php?rest_route=%2Fwp%2Fv2%2Fcomments&post=5061"}],"version-history":[{"count":2,"href":"https:\/\/www.feuerwehrkostheim.de\/index.php?rest_route=\/wp\/v2\/posts\/5061\/revisions"}],"predecessor-version":[{"id":5064,"href":"https:\/\/www.feuerwehrkostheim.de\/index.php?rest_route=\/wp\/v2\/posts\/5061\/revisions\/5064"}],"wp:attachment":[{"href":"https:\/\/www.feuerwehrkostheim.de\/index.php?rest_route=%2Fwp%2Fv2%2Fmedia&parent=5061"}],"wp:term":[{"taxonomy":"category","embeddable":true,"href":"https:\/\/www.feuerwehrkostheim.de\/index.php?rest_route=%2Fwp%2Fv2%2Fcategories&post=5061"},{"taxonomy":"post_tag","embeddable":true,"href":"https:\/\/www.feuerwehrkostheim.de\/index.php?rest_route=%2Fwp%2Fv2%2Ftags&post=5061"}],"curies":[{"name":"wp","href":"https:\/\/api.w.org\/{rel}","templated":true}]}}