{"id":5042,"date":"2019-03-04T15:56:54","date_gmt":"2019-03-04T14:56:54","guid":{"rendered":"https:\/\/www.feuerwehrkostheim.de\/?p=5042"},"modified":"2019-03-04T16:25:54","modified_gmt":"2019-03-04T15:25:54","slug":"jugendfeuerwehr-aktiv-beim-kostheimer-fastnachtsumzug","status":"publish","type":"post","link":"https:\/\/www.feuerwehrkostheim.de\/?p=5042","title":{"rendered":"Jugendfeuerwehr aktiv beim Kostheimer Fastnachtsumzug"},"content":{"rendered":"<p><img loading=\"lazy\" decoding=\"async\" class=\"alignright size-medium\" style=\"border: 4px solid #D8D8D8;\" src=\"https:\/\/farm8.staticflickr.com\/7806\/46555857354_4b3857e652_n.jpg\" width=\"320\" height=\"213\" \/>(fw). Auch in diesem Jahr beteiligte sich die Jugendfeuerwehr Kostheim wieder beim AKK-Fastnachtsumzug an Fastnachtssamstag durch die Stra\u00dfen von Kastel und Kostheim. Die Vorbereitungen hierf\u00fcr begangen bereits am Dienstag vor dem Fastnachtswochenende.\u00a0 Der Fastnachtswagen wurde durch die Helfer an nur einem Abend in der Halle des Feuerwehrger\u00e4tehauses aufgebaut. Im Anschluss machte man sich an die Arbeit circa 1200 T\u00fcten Popcorn mit dem Vereinslogo zu bekleben.<\/p>\n<p><img loading=\"lazy\" decoding=\"async\" class=\"alignleft size-medium\" style=\"border: 4px solid #D8D8D8;\" src=\"https:\/\/farm8.staticflickr.com\/7917\/40314560543_3ecfa60a1f_n.jpg\" width=\"320\" height=\"240\" \/>Nachdem der Fastnachtswagen im Vorfeld die ben\u00f6tigte T\u00dcV Erlaubnis erhalten hat, traf man sich am Fastnachtssamstag p\u00fcnktlich zur n\u00e4rrischen Zeit um 11:11 Uhr an der Feuerwehr. Kurz danach macht man sich auf den Weg zum Aufstellungsplatz. Am\u00a0 Aufstellungsplatz mit der Nummer 22 angekommen gab es die traditionelle St\u00e4rkung in Form von Weck und Worscht. Mit gest\u00e4rktem Magen und konnte man sich nun auf den langen Zugweg machen.<\/p>\n<p><!--more-->Es war wieder ein gelungener Umzug und wir freuen uns wieder aufs n\u00e4chste Jahr. Zum Abschluss m\u00f6chten wir uns bei unseren Unterst\u00fctzern bedanken ohne diese Unterst\u00fctzung w\u00e4re die Teilnahme am Umzug nicht m\u00f6glich gewesen w\u00e4re.<\/p>\n<p><img loading=\"lazy\" decoding=\"async\" class=\"aligncenter size-medium\" style=\"border: 4px solid #D8D8D8;\" src=\"https:\/\/farm8.staticflickr.com\/7889\/40314561503_e41d37438a_n.jpg\" width=\"320\" height=\"227\" \/><\/p>\n<p>Ultes.it f\u00fcr die grafische Gestaltung unserer Erfrischungst\u00fccher<br \/>\nBadeende.de f\u00fcr die gesponserten Badeenten<br \/>\nFirma Essity f\u00fcr das Wurfmaterial<\/p>\n<p>Ein sehr gro\u00dfer Dank geht auch in diesem Jahr wieder an Bernd Becker f\u00fcr die zur Verf\u00fcgungstellung des Anh\u00e4ngers.<\/p>\n<p>[FAGP id=5046]<\/p>\n","protected":false},"excerpt":{"rendered":"<p>(fw). Auch in diesem Jahr beteiligte sich die Jugendfeuerwehr Kostheim wieder beim AKK-Fastnachtsumzug an Fastnachtssamstag durch die Stra\u00dfen von Kastel und Kostheim. Die Vorbereitungen hierf\u00fcr begangen bereits am Dienstag vor dem Fastnachtswochenende.\u00a0 Der Fastnachtswagen wurde durch die Helfer an nur einem Abend in der Halle des Feuerwehrger\u00e4tehauses aufgebaut. Im Anschluss machte man sich an die [&hellip;]<\/p>\n","protected":false},"author":1,"featured_media":0,"comment_status":"closed","ping_status":"open","sticky":false,"template":"","format":"standard","meta":{"_et_pb_use_builder":"","_et_pb_old_content":"","_et_gb_content_width":"","_crdt_document":"","footnotes":""},"categories":[7],"tags":[942,187,857,1192,189],"class_list":["post-5042","post","type-post","status-publish","format-standard","hentry","category-jugendfeuerwehr","tag-akk-umzug","tag-fastnacht","tag-fastnachtsumzug","tag-helau","tag-umzug"],"_links":{"self":[{"href":"https:\/\/www.feuerwehrkostheim.de\/index.php?rest_route=\/wp\/v2\/posts\/5042","targetHints":{"allow":["GET"]}}],"collection":[{"href":"https:\/\/www.feuerwehrkostheim.de\/index.php?rest_route=\/wp\/v2\/posts"}],"about":[{"href":"https:\/\/www.feuerwehrkostheim.de\/index.php?rest_route=\/wp\/v2\/types\/post"}],"author":[{"embeddable":true,"href":"https:\/\/www.feuerwehrkostheim.de\/index.php?rest_route=\/wp\/v2\/users\/1"}],"replies":[{"embeddable":true,"href":"https:\/\/www.feuerwehrkostheim.de\/index.php?rest_route=%2Fwp%2Fv2%2Fcomments&post=5042"}],"version-history":[{"count":6,"href":"https:\/\/www.feuerwehrkostheim.de\/index.php?rest_route=\/wp\/v2\/posts\/5042\/revisions"}],"predecessor-version":[{"id":5054,"href":"https:\/\/www.feuerwehrkostheim.de\/index.php?rest_route=\/wp\/v2\/posts\/5042\/revisions\/5054"}],"wp:attachment":[{"href":"https:\/\/www.feuerwehrkostheim.de\/index.php?rest_route=%2Fwp%2Fv2%2Fmedia&parent=5042"}],"wp:term":[{"taxonomy":"category","embeddable":true,"href":"https:\/\/www.feuerwehrkostheim.de\/index.php?rest_route=%2Fwp%2Fv2%2Fcategories&post=5042"},{"taxonomy":"post_tag","embeddable":true,"href":"https:\/\/www.feuerwehrkostheim.de\/index.php?rest_route=%2Fwp%2Fv2%2Ftags&post=5042"}],"curies":[{"name":"wp","href":"https:\/\/api.w.org\/{rel}","templated":true}]}}