{"id":5038,"date":"2019-03-02T10:44:32","date_gmt":"2019-03-02T09:44:32","guid":{"rendered":"https:\/\/www.feuerwehrkostheim.de\/?p=5038"},"modified":"2019-03-03T10:25:06","modified_gmt":"2019-03-03T09:25:06","slug":"person-aus-dem-rhein-gerettet-3","status":"publish","type":"post","link":"https:\/\/www.feuerwehrkostheim.de\/?p=5038","title":{"rendered":"Person aus dem Rhein gerettet"},"content":{"rendered":"<p><img loading=\"lazy\" decoding=\"async\" class=\"alignleft\" title=\"Einsatz-Logo\" src=\"https:\/\/www.feuerwehrkostheim.de\/wp-content\/bilder\/sonstige\/logo_einsatz.jpg\" alt=\"Einsatz-Logo\" width=\"100\" height=\"100\" \/><strong>02. M\u00e4rz 2019 &#8211; 08:53 Uhr<\/strong><br \/>\n<strong>Rhein &#8211; unterhalb TH-Br\u00fccke<\/strong><br \/>\nEinzelfahrzeugalarmierung<br \/>\nEinsatz 11 &#8211; 2019<\/p>\n<p>Am Samstagmorgen um kurz vor 9 Uhr l\u00f6ste die Meldung \u00fcber eine Person, die im Rhein unterhalb der Theodor-Heuss-Br\u00fccke treiben sollte, einen Wasserrettungseinsatz auf beiden Seiten des Flusses aus. Die f\u00fcr bei solchem Einsatzstichwort vorgesehene Einheiten von Feuerwehr, DLRG und Polizeihubschrauber wurden umgehend durch die Rettungsleitstelle alarmiert. Die Kosteimer Wehr r\u00fcckte mit ihrem Boot aus und brachte es zu Wasser, die verbliebende Mannschaft besetzte das L\u00f6schfahrzeug und bekam einen Beobachtungspunkt am Rheinufer zugeteilt. Die Person konnte kurze Zeit sp\u00e4ter durch ein Boot der Wasserschutzpolizei entdeckt, aus dem Wasser gezogen und an den Rettungsdienst an Land \u00fcbergeben werden. Der Einsatz wurde daraufhin f\u00fcr die restlichen Kr\u00e4fte abgebrochen. \u00dcber die Umst\u00e4nde, die dazu f\u00fchrten, dass sich die Person im Wasser befand, konnten keine Angaben gemacht werden.<\/p>\n<p><em><a href=\"http:\/\/www.wiesbaden.de\/microsite\/feuerwehr\/einsaetze\/index.php?showpm=true&amp;pmurl=http:\/\/www.wiesbaden.de\/guiapplications\/newsdesk\/publications\/Landeshauptstadt_Wiesbaden\/141010100000350824.php\" target=\"_blank\" rel=\"noopener noreferrer\">Bericht der Feuerwehr Wiesbaden<\/a><\/em><\/p>\n","protected":false},"excerpt":{"rendered":"<p>02. M\u00e4rz 2019 &#8211; 08:53 Uhr Rhein &#8211; unterhalb TH-Br\u00fccke Einzelfahrzeugalarmierung Einsatz 11 &#8211; 2019 Am Samstagmorgen um kurz vor 9 Uhr l\u00f6ste die Meldung \u00fcber eine Person, die im Rhein unterhalb der Theodor-Heuss-Br\u00fccke treiben sollte, einen Wasserrettungseinsatz auf beiden Seiten des Flusses aus. Die f\u00fcr bei solchem Einsatzstichwort vorgesehene Einheiten von Feuerwehr, DLRG und [&hellip;]<\/p>\n","protected":false},"author":1,"featured_media":0,"comment_status":"closed","ping_status":"open","sticky":false,"template":"","format":"standard","meta":{"_et_pb_use_builder":"","_et_pb_old_content":"","_et_gb_content_width":"","_crdt_document":"","footnotes":""},"categories":[5],"tags":[103,469,755,686,470,520,1019],"class_list":["post-5038","post","type-post","status-publish","format-standard","hentry","category-einsatze","tag-boot","tag-bootseinsatz","tag-gerettet","tag-mzb","tag-person","tag-rhein","tag-wasserrettungseinsatz"],"_links":{"self":[{"href":"https:\/\/www.feuerwehrkostheim.de\/index.php?rest_route=\/wp\/v2\/posts\/5038","targetHints":{"allow":["GET"]}}],"collection":[{"href":"https:\/\/www.feuerwehrkostheim.de\/index.php?rest_route=\/wp\/v2\/posts"}],"about":[{"href":"https:\/\/www.feuerwehrkostheim.de\/index.php?rest_route=\/wp\/v2\/types\/post"}],"author":[{"embeddable":true,"href":"https:\/\/www.feuerwehrkostheim.de\/index.php?rest_route=\/wp\/v2\/users\/1"}],"replies":[{"embeddable":true,"href":"https:\/\/www.feuerwehrkostheim.de\/index.php?rest_route=%2Fwp%2Fv2%2Fcomments&post=5038"}],"version-history":[{"count":3,"href":"https:\/\/www.feuerwehrkostheim.de\/index.php?rest_route=\/wp\/v2\/posts\/5038\/revisions"}],"predecessor-version":[{"id":5044,"href":"https:\/\/www.feuerwehrkostheim.de\/index.php?rest_route=\/wp\/v2\/posts\/5038\/revisions\/5044"}],"wp:attachment":[{"href":"https:\/\/www.feuerwehrkostheim.de\/index.php?rest_route=%2Fwp%2Fv2%2Fmedia&parent=5038"}],"wp:term":[{"taxonomy":"category","embeddable":true,"href":"https:\/\/www.feuerwehrkostheim.de\/index.php?rest_route=%2Fwp%2Fv2%2Fcategories&post=5038"},{"taxonomy":"post_tag","embeddable":true,"href":"https:\/\/www.feuerwehrkostheim.de\/index.php?rest_route=%2Fwp%2Fv2%2Ftags&post=5038"}],"curies":[{"name":"wp","href":"https:\/\/api.w.org\/{rel}","templated":true}]}}