{"id":5035,"date":"2019-02-28T17:06:44","date_gmt":"2019-02-28T16:06:44","guid":{"rendered":"https:\/\/www.feuerwehrkostheim.de\/?p=5035"},"modified":"2019-02-28T17:06:44","modified_gmt":"2019-02-28T16:06:44","slug":"wieder-wachbesetzung-auf-der-feuerwache-2","status":"publish","type":"post","link":"https:\/\/www.feuerwehrkostheim.de\/?p=5035","title":{"rendered":"Wieder Wachbesetzung auf der Feuerwache 2"},"content":{"rendered":"<p><img loading=\"lazy\" decoding=\"async\" class=\"alignleft\" title=\"Einsatz-Logo\" src=\"https:\/\/www.feuerwehrkostheim.de\/wp-content\/bilder\/sonstige\/logo_einsatz.jpg\" alt=\"Einsatz-Logo\" width=\"100\" height=\"100\" \/><strong>27. Februar 2019 &#8211; 16:36 Uhr<\/strong><br \/>\n<strong>Feuerwache 2<\/strong><br \/>\nFF-Einheit \/ Alarmgruppe mit FF-Kastel<br \/>\nEinsatz 10 &#8211; 2019<\/p>\n<p><a href=\"https:\/\/www.feuerwehrkostheim.de\/wp-content\/uploads\/2019\/02\/2019-02-27_Wachbesetzung.jpg\"><img loading=\"lazy\" decoding=\"async\" class=\"alignright size-medium wp-image-5032\" style=\"border: 4px solid #D8D8D8;\" src=\"https:\/\/www.feuerwehrkostheim.de\/wp-content\/uploads\/2019\/02\/2019-02-27_Wachbesetzung-225x300.jpg\" width=\"225\" height=\"300\" srcset=\"https:\/\/www.feuerwehrkostheim.de\/wp-content\/uploads\/2019\/02\/2019-02-27_Wachbesetzung-225x300.jpg 225w, https:\/\/www.feuerwehrkostheim.de\/wp-content\/uploads\/2019\/02\/2019-02-27_Wachbesetzung-768x1024.jpg 768w\" sizes=\"(max-width: 225px) 100vw, 225px\" \/><\/a>Bedingt durch den langwierigen <a href=\"https:\/\/www.feuerwehrkostheim.de\/?p=5031\" target=\"_blank\" rel=\"noopener noreferrer\">Einsatz im Schiersteiner Hafen<\/a>, bei dem Kr\u00e4fte der Feuerwache 2 eingebunden waren und dem parallel hohen Einsatzgeschehen, musste die personell ausged\u00fcnnte Berufsfeuerwehrwache mit Kr\u00e4ften der Freiwilligen Wehren verst\u00e4rkt werden. Hierzu wurde die FF Kostheim zusammen mit den Kasteler Kollegen gegen 16:30 Uhr als Alarmgruppe zum mittlerweile vierten Mal im aktuellen Monat alarmiert. Da seitens der FF Kostheim eine komplette Fahrzeugbesatzung mit dem Boot schon eine halbe Stunde zuvor ausger\u00fcckt war, r\u00fcckten die verbliebenen zwei L\u00f6schfahrzeuge mit insgesamt 16 weiteren Einsatzkr\u00e4ften zur Wachbesetzung aus. W\u00e4hrend die Kollegen am und auf dem Wasser aktiv t\u00e4tig waren, musste von der Feuerwache aus zu keinem weiteren Einsatz ausger\u00fcckt werden. Nach fast drei Stunden konnte die Wachebesetzung wieder aufgehoben werden.<\/p>\n","protected":false},"excerpt":{"rendered":"<p>27. Februar 2019 &#8211; 16:36 Uhr Feuerwache 2 FF-Einheit \/ Alarmgruppe mit FF-Kastel Einsatz 10 &#8211; 2019 Bedingt durch den langwierigen Einsatz im Schiersteiner Hafen, bei dem Kr\u00e4fte der Feuerwache 2 eingebunden waren und dem parallel hohen Einsatzgeschehen, musste die personell ausged\u00fcnnte Berufsfeuerwehrwache mit Kr\u00e4ften der Freiwilligen Wehren verst\u00e4rkt werden. Hierzu wurde die FF Kostheim [&hellip;]<\/p>\n","protected":false},"author":1,"featured_media":0,"comment_status":"closed","ping_status":"open","sticky":false,"template":"","format":"standard","meta":{"_et_pb_use_builder":"","_et_pb_old_content":"","_et_gb_content_width":"","_crdt_document":"","footnotes":""},"categories":[5],"tags":[110,242,151,337,1191,243],"class_list":["post-5035","post","type-post","status-publish","format-standard","hentry","category-einsatze","tag-alarmgruppe","tag-feuerwache-2","tag-hafen","tag-ol","tag-schiersteiner","tag-wachbesetzung"],"_links":{"self":[{"href":"https:\/\/www.feuerwehrkostheim.de\/index.php?rest_route=\/wp\/v2\/posts\/5035","targetHints":{"allow":["GET"]}}],"collection":[{"href":"https:\/\/www.feuerwehrkostheim.de\/index.php?rest_route=\/wp\/v2\/posts"}],"about":[{"href":"https:\/\/www.feuerwehrkostheim.de\/index.php?rest_route=\/wp\/v2\/types\/post"}],"author":[{"embeddable":true,"href":"https:\/\/www.feuerwehrkostheim.de\/index.php?rest_route=\/wp\/v2\/users\/1"}],"replies":[{"embeddable":true,"href":"https:\/\/www.feuerwehrkostheim.de\/index.php?rest_route=%2Fwp%2Fv2%2Fcomments&post=5035"}],"version-history":[{"count":1,"href":"https:\/\/www.feuerwehrkostheim.de\/index.php?rest_route=\/wp\/v2\/posts\/5035\/revisions"}],"predecessor-version":[{"id":5036,"href":"https:\/\/www.feuerwehrkostheim.de\/index.php?rest_route=\/wp\/v2\/posts\/5035\/revisions\/5036"}],"wp:attachment":[{"href":"https:\/\/www.feuerwehrkostheim.de\/index.php?rest_route=%2Fwp%2Fv2%2Fmedia&parent=5035"}],"wp:term":[{"taxonomy":"category","embeddable":true,"href":"https:\/\/www.feuerwehrkostheim.de\/index.php?rest_route=%2Fwp%2Fv2%2Fcategories&post=5035"},{"taxonomy":"post_tag","embeddable":true,"href":"https:\/\/www.feuerwehrkostheim.de\/index.php?rest_route=%2Fwp%2Fv2%2Ftags&post=5035"}],"curies":[{"name":"wp","href":"https:\/\/api.w.org\/{rel}","templated":true}]}}