{"id":5009,"date":"2019-02-24T14:27:25","date_gmt":"2019-02-24T13:27:25","guid":{"rendered":"https:\/\/www.feuerwehrkostheim.de\/?p=5009"},"modified":"2019-02-24T14:32:02","modified_gmt":"2019-02-24T13:32:02","slug":"wohnungsbrand-in-biebrich-wachbesetzung-der-feuerwache-2","status":"publish","type":"post","link":"https:\/\/www.feuerwehrkostheim.de\/?p=5009","title":{"rendered":"Wohnungsbrand in Biebrich &#8211; Besetzung der Feuerwache 2"},"content":{"rendered":"<p><img loading=\"lazy\" decoding=\"async\" class=\"alignleft\" title=\"Einsatz-Logo\" src=\"https:\/\/www.feuerwehrkostheim.de\/wp-content\/bilder\/sonstige\/logo_einsatz.jpg\" alt=\"Einsatz-Logo\" width=\"100\" height=\"100\" \/><strong>24. Februar 2019 &#8211; 07:23 Uhr<\/strong><br \/>\n<strong>Feuerwache 2<\/strong><br \/>\nFF-Einheit \/ Alarmgruppe mit FF-Kastel<br \/>\nEinsatz 08 &#8211; 2019<\/p>\n<p><a href=\"https:\/\/www.feuerwehrkostheim.de\/wp-content\/uploads\/2019\/02\/2019-02-24-Wachbesetzung.jpg\" target=\"_blank\" rel=\"noopener\"><img loading=\"lazy\" decoding=\"async\" class=\"alignright wp-image-5010 size-medium\" style=\"border: 4px solid #D8D8D8;\" src=\"https:\/\/www.feuerwehrkostheim.de\/wp-content\/uploads\/2019\/02\/2019-02-24-Wachbesetzung-300x225.jpg\" alt=\"\" width=\"300\" height=\"225\" srcset=\"https:\/\/www.feuerwehrkostheim.de\/wp-content\/uploads\/2019\/02\/2019-02-24-Wachbesetzung-300x225.jpg 300w, https:\/\/www.feuerwehrkostheim.de\/wp-content\/uploads\/2019\/02\/2019-02-24-Wachbesetzung-768x576.jpg 768w, https:\/\/www.feuerwehrkostheim.de\/wp-content\/uploads\/2019\/02\/2019-02-24-Wachbesetzung-1024x768.jpg 1024w\" sizes=\"(max-width: 300px) 100vw, 300px\" \/><\/a>Bedingt durch einen ausgedehnten Wohnungsbrand im Wiesbadener Stadtteil Biebrich am fr\u00fchen Sonntagmorgen, bei dem neben zwei freiwilligen Wehren auch Berufsfeuerwehrkr\u00e4fte aller drei Wachen eingesetzt waren, mussten die verwaisten Feuerwachen personell wieder aufgest\u00e4rkt werden. F\u00fcr die Wache 2 in Kastel wurde die Alarmgruppe der Wehren Kostheim und Kastel alarmiert. Die Kostheimer Wehr r\u00fcckte mit 21 Kameraden und allen drei Einsatzfahrzeugen aus. W\u00e4hrend der Wachbesetzung, die insgesamt knapp drei Stunden andauerte, musste zu keinem weiteren Einsatz ausger\u00fcckt werden. Es war die mittlerweile dritte Wachbesetzung in diesem Monat.<\/p>\n","protected":false},"excerpt":{"rendered":"<p>24. Februar 2019 &#8211; 07:23 Uhr Feuerwache 2 FF-Einheit \/ Alarmgruppe mit FF-Kastel Einsatz 08 &#8211; 2019 Bedingt durch einen ausgedehnten Wohnungsbrand im Wiesbadener Stadtteil Biebrich am fr\u00fchen Sonntagmorgen, bei dem neben zwei freiwilligen Wehren auch Berufsfeuerwehrkr\u00e4fte aller drei Wachen eingesetzt waren, mussten die verwaisten Feuerwachen personell wieder aufgest\u00e4rkt werden. F\u00fcr die Wache 2 in [&hellip;]<\/p>\n","protected":false},"author":1,"featured_media":0,"comment_status":"closed","ping_status":"open","sticky":false,"template":"","format":"standard","meta":{"_et_pb_use_builder":"","_et_pb_old_content":"","_et_gb_content_width":"","_crdt_document":"","footnotes":""},"categories":[5],"tags":[110,410,243,708],"class_list":["post-5009","post","type-post","status-publish","format-standard","hentry","category-einsatze","tag-alarmgruppe","tag-biebrich","tag-wachbesetzung","tag-wohnungsbrand"],"_links":{"self":[{"href":"https:\/\/www.feuerwehrkostheim.de\/index.php?rest_route=\/wp\/v2\/posts\/5009","targetHints":{"allow":["GET"]}}],"collection":[{"href":"https:\/\/www.feuerwehrkostheim.de\/index.php?rest_route=\/wp\/v2\/posts"}],"about":[{"href":"https:\/\/www.feuerwehrkostheim.de\/index.php?rest_route=\/wp\/v2\/types\/post"}],"author":[{"embeddable":true,"href":"https:\/\/www.feuerwehrkostheim.de\/index.php?rest_route=\/wp\/v2\/users\/1"}],"replies":[{"embeddable":true,"href":"https:\/\/www.feuerwehrkostheim.de\/index.php?rest_route=%2Fwp%2Fv2%2Fcomments&post=5009"}],"version-history":[{"count":3,"href":"https:\/\/www.feuerwehrkostheim.de\/index.php?rest_route=\/wp\/v2\/posts\/5009\/revisions"}],"predecessor-version":[{"id":5013,"href":"https:\/\/www.feuerwehrkostheim.de\/index.php?rest_route=\/wp\/v2\/posts\/5009\/revisions\/5013"}],"wp:attachment":[{"href":"https:\/\/www.feuerwehrkostheim.de\/index.php?rest_route=%2Fwp%2Fv2%2Fmedia&parent=5009"}],"wp:term":[{"taxonomy":"category","embeddable":true,"href":"https:\/\/www.feuerwehrkostheim.de\/index.php?rest_route=%2Fwp%2Fv2%2Fcategories&post=5009"},{"taxonomy":"post_tag","embeddable":true,"href":"https:\/\/www.feuerwehrkostheim.de\/index.php?rest_route=%2Fwp%2Fv2%2Ftags&post=5009"}],"curies":[{"name":"wp","href":"https:\/\/api.w.org\/{rel}","templated":true}]}}