{"id":4956,"date":"2019-02-17T13:33:15","date_gmt":"2019-02-17T12:33:15","guid":{"rendered":"https:\/\/www.feuerwehrkostheim.de\/?p=4956"},"modified":"2019-02-17T14:26:52","modified_gmt":"2019-02-17T13:26:52","slug":"wohnungsbrand-in-bierstadt-sorgt-wuer-wachbesetzung","status":"publish","type":"post","link":"https:\/\/www.feuerwehrkostheim.de\/?p=4956","title":{"rendered":"Zimmerbrand in Bierstadt sorgt f\u00fcr Wachbesetzung"},"content":{"rendered":"<p><img loading=\"lazy\" decoding=\"async\" class=\"alignleft\" title=\"Einsatz-Logo\" src=\"https:\/\/www.feuerwehrkostheim.de\/wp-content\/bilder\/sonstige\/logo_einsatz.jpg\" alt=\"Einsatz-Logo\" width=\"100\" height=\"100\" \/><strong>16. Februar 2019 &#8211; 22:44 Uhr<\/strong><br \/>\n<strong>Feuerwache 2<\/strong><br \/>\nFF-Einheit \/ Alarmgruppe mit FF-Kastel<br \/>\nEinsatz 07 &#8211; 2019<\/p>\n<p><a href=\"https:\/\/www.feuerwehrkostheim.de\/wp-content\/uploads\/2019\/02\/2019-02-16_Wachbesetzung.jpg\"><img loading=\"lazy\" decoding=\"async\" class=\"alignright size-medium wp-image-4958\" style=\"border: 4px solid #D8D8D8;\" src=\"https:\/\/www.feuerwehrkostheim.de\/wp-content\/uploads\/2019\/02\/2019-02-16_Wachbesetzung-300x225.jpg\" alt=\"\" width=\"300\" height=\"225\" srcset=\"https:\/\/www.feuerwehrkostheim.de\/wp-content\/uploads\/2019\/02\/2019-02-16_Wachbesetzung-300x225.jpg 300w, https:\/\/www.feuerwehrkostheim.de\/wp-content\/uploads\/2019\/02\/2019-02-16_Wachbesetzung-768x576.jpg 768w, https:\/\/www.feuerwehrkostheim.de\/wp-content\/uploads\/2019\/02\/2019-02-16_Wachbesetzung-1024x768.jpg 1024w\" sizes=\"(max-width: 300px) 100vw, 300px\" \/><\/a>Aufgrund eines Zimmerbrandes in Bierstadt, bei dem unter anderem auch das Basis-L\u00f6schfahrzeug der Feuerwache 2 eingebunden war, wurde am sp\u00e4ten Samstagabend die Kostheimer Feuerwehr zur Wachbesetzung alarmiert. Neben den 16 Kr\u00e4ften aus Kostheim, die mit ihren zwei L\u00f6schfahrzeugen ausr\u00fcckte, waren auch die Kollegen aus Kastel als Alarmgruppe in Marsch gesetzt. Nach etwa einer Stunde konnte das LF der Wache 2 aus dem Brandeinsatz wieder herausgel\u00f6st und nach der R\u00fcckkehr auf die Feuerwache die Wachbesetzung wieder beendet werden.<\/p>\n<p>&nbsp;<\/p>\n<p>&nbsp;<\/p>\n","protected":false},"excerpt":{"rendered":"<p>16. Februar 2019 &#8211; 22:44 Uhr Feuerwache 2 FF-Einheit \/ Alarmgruppe mit FF-Kastel Einsatz 07 &#8211; 2019 Aufgrund eines Zimmerbrandes in Bierstadt, bei dem unter anderem auch das Basis-L\u00f6schfahrzeug der Feuerwache 2 eingebunden war, wurde am sp\u00e4ten Samstagabend die Kostheimer Feuerwehr zur Wachbesetzung alarmiert. Neben den 16 Kr\u00e4ften aus Kostheim, die mit ihren zwei L\u00f6schfahrzeugen [&hellip;]<\/p>\n","protected":false},"author":1,"featured_media":0,"comment_status":"closed","ping_status":"open","sticky":false,"template":"","format":"standard","meta":{"_et_pb_use_builder":"","_et_pb_old_content":"","_et_gb_content_width":"","_crdt_document":"","footnotes":""},"categories":[4],"tags":[110,993,243],"class_list":["post-4956","post","type-post","status-publish","format-standard","hentry","category-einsatzabteilung","tag-alarmgruppe","tag-feuerwache","tag-wachbesetzung"],"_links":{"self":[{"href":"https:\/\/www.feuerwehrkostheim.de\/index.php?rest_route=\/wp\/v2\/posts\/4956","targetHints":{"allow":["GET"]}}],"collection":[{"href":"https:\/\/www.feuerwehrkostheim.de\/index.php?rest_route=\/wp\/v2\/posts"}],"about":[{"href":"https:\/\/www.feuerwehrkostheim.de\/index.php?rest_route=\/wp\/v2\/types\/post"}],"author":[{"embeddable":true,"href":"https:\/\/www.feuerwehrkostheim.de\/index.php?rest_route=\/wp\/v2\/users\/1"}],"replies":[{"embeddable":true,"href":"https:\/\/www.feuerwehrkostheim.de\/index.php?rest_route=%2Fwp%2Fv2%2Fcomments&post=4956"}],"version-history":[{"count":3,"href":"https:\/\/www.feuerwehrkostheim.de\/index.php?rest_route=\/wp\/v2\/posts\/4956\/revisions"}],"predecessor-version":[{"id":4962,"href":"https:\/\/www.feuerwehrkostheim.de\/index.php?rest_route=\/wp\/v2\/posts\/4956\/revisions\/4962"}],"wp:attachment":[{"href":"https:\/\/www.feuerwehrkostheim.de\/index.php?rest_route=%2Fwp%2Fv2%2Fmedia&parent=4956"}],"wp:term":[{"taxonomy":"category","embeddable":true,"href":"https:\/\/www.feuerwehrkostheim.de\/index.php?rest_route=%2Fwp%2Fv2%2Fcategories&post=4956"},{"taxonomy":"post_tag","embeddable":true,"href":"https:\/\/www.feuerwehrkostheim.de\/index.php?rest_route=%2Fwp%2Fv2%2Ftags&post=4956"}],"curies":[{"name":"wp","href":"https:\/\/api.w.org\/{rel}","templated":true}]}}