{"id":4952,"date":"2019-02-15T16:13:30","date_gmt":"2019-02-15T15:13:30","guid":{"rendered":"https:\/\/www.feuerwehrkostheim.de\/?p=4952"},"modified":"2019-03-20T18:17:02","modified_gmt":"2019-03-20T17:17:02","slug":"mitgliederversammlung-der-kostheimer-feuerwehr-2","status":"publish","type":"post","link":"https:\/\/www.feuerwehrkostheim.de\/?p=4952","title":{"rendered":"Mitgliederversammlung der Kostheimer Feuerwehr"},"content":{"rendered":"<p><a href=\"https:\/\/www.feuerwehrkostheim.de\/wp-content\/uploads\/2019\/02\/2019-03-17-Einladung-JHV-Verein.jpg\" target=\"_blank\" rel=\"noopener noreferrer\"><img loading=\"lazy\" decoding=\"async\" class=\"alignright wp-image-4950 size-medium\" style=\"border: 4px solid #D8D8D8;\" src=\"https:\/\/www.feuerwehrkostheim.de\/wp-content\/uploads\/2019\/02\/2019-03-17-Einladung-JHV-Verein-197x300.jpg\" alt=\"\" width=\"197\" height=\"300\" srcset=\"https:\/\/www.feuerwehrkostheim.de\/wp-content\/uploads\/2019\/02\/2019-03-17-Einladung-JHV-Verein-197x300.jpg 197w, https:\/\/www.feuerwehrkostheim.de\/wp-content\/uploads\/2019\/02\/2019-03-17-Einladung-JHV-Verein-768x1168.jpg 768w, https:\/\/www.feuerwehrkostheim.de\/wp-content\/uploads\/2019\/02\/2019-03-17-Einladung-JHV-Verein-673x1024.jpg 673w\" sizes=\"(max-width: 197px) 100vw, 197px\" \/><\/a>Die Kostheimer Feuerwehr l\u00e4dt ihre Mitglieder des F\u00f6rdervereins \u201eFreiwillige Feuerwehr Kostheim 1874 e.V.\u201c zu der diesj\u00e4hrigen Jahreshauptversammlung ein. Sie findet am <strong>Sonntag, den 17. M\u00e4rz 2019 um 10:30 Uhr<\/strong> im Lehrsaal des Feuerwehrger\u00e4tehauses, Am Mainzer Weg 2, statt.<\/p>\n<p>Die vom Vorstand verfasste Einladung samt Tagesordnung kann entweder \u00fcber diesen Beitrag oder \u00fcber die Men\u00fcleiste \u201eVerein\/Mitgliederversammlung\u201c angesehen und im PDF-Format heruntergeladen werden.<\/p>\n<p>Neben der Versammlung f\u00fcr den Verein Feuerwehr Kostheim, findet an diesem Sonntag auch die Mitgliederversammung des \u00f6ffentlich-rechtlichen Teils der Kostheimer Wehr &#8211; die Einsatzabteilung &#8211; statt.<\/p>\n<p><!--more--><\/p>\n<p style=\"text-align: center;\">Hier nachfolgend die Einladung im PDF-Format. Sie kann,<br \/>\nsoweit Acrobat Reader auf Ihrem Rechner installiert ist,<br \/>\n\u00fcber folgenden Link angezeigt werden:<\/p>\n<p style=\"text-align: center;\"><strong><a href=\"http:\/\/www.feuerwehrkostheim.de\/wp-content\/dokumente\/2019_jhv_verein.pdf\" target=\"_blank\" rel=\"noopener noreferrer\">EINLADUNG MITGLIEDERVERSAMMLUNG 2019<\/a><\/strong><\/p>\n<p style=\"text-align: center;\">Sollten Sie kein Adobe Acrobat Reader installiert haben,<br \/>\nk\u00f6nnen Sie dies \u00fcber folgenden Link nachholen.<\/p>\n<p style=\"text-align: center;\"><a href=\"http:\/\/www.adobe.de\/products\/acrobat\/readstep2.html\" target=\"_blank\" rel=\"noopener noreferrer\"><img loading=\"lazy\" decoding=\"async\" class=\"aligncenter\" title=\"Direktlink Adobe\" src=\"http:\/\/www.feuerwehrkostheim.de\/wp-content\/bilder\/sonstige\/logo_adobe.gif\" alt=\"\" width=\"40\" height=\"54\" \/><\/a><\/p>\n<p>&nbsp;<\/p>\n","protected":false},"excerpt":{"rendered":"<p>Die Kostheimer Feuerwehr l\u00e4dt ihre Mitglieder des F\u00f6rdervereins \u201eFreiwillige Feuerwehr Kostheim 1874 e.V.\u201c zu der diesj\u00e4hrigen Jahreshauptversammlung ein. Sie findet am Sonntag, den 17. M\u00e4rz 2019 um 10:30 Uhr im Lehrsaal des Feuerwehrger\u00e4tehauses, Am Mainzer Weg 2, statt. Die vom Vorstand verfasste Einladung samt Tagesordnung kann entweder \u00fcber diesen Beitrag oder \u00fcber die Men\u00fcleiste \u201eVerein\/Mitgliederversammlung\u201c [&hellip;]<\/p>\n","protected":false},"author":1,"featured_media":0,"comment_status":"closed","ping_status":"open","sticky":false,"template":"","format":"standard","meta":{"_et_pb_use_builder":"","_et_pb_old_content":"","_et_gb_content_width":"","_crdt_document":"","footnotes":""},"categories":[10],"tags":[1090,191,1091,939,940],"class_list":["post-4952","post","type-post","status-publish","format-standard","hentry","category-verein","tag-einladung","tag-jahreshauptversammlung","tag-jhv","tag-mitgliederversammlung","tag-verein"],"_links":{"self":[{"href":"https:\/\/www.feuerwehrkostheim.de\/index.php?rest_route=\/wp\/v2\/posts\/4952","targetHints":{"allow":["GET"]}}],"collection":[{"href":"https:\/\/www.feuerwehrkostheim.de\/index.php?rest_route=\/wp\/v2\/posts"}],"about":[{"href":"https:\/\/www.feuerwehrkostheim.de\/index.php?rest_route=\/wp\/v2\/types\/post"}],"author":[{"embeddable":true,"href":"https:\/\/www.feuerwehrkostheim.de\/index.php?rest_route=\/wp\/v2\/users\/1"}],"replies":[{"embeddable":true,"href":"https:\/\/www.feuerwehrkostheim.de\/index.php?rest_route=%2Fwp%2Fv2%2Fcomments&post=4952"}],"version-history":[{"count":2,"href":"https:\/\/www.feuerwehrkostheim.de\/index.php?rest_route=\/wp\/v2\/posts\/4952\/revisions"}],"predecessor-version":[{"id":5055,"href":"https:\/\/www.feuerwehrkostheim.de\/index.php?rest_route=\/wp\/v2\/posts\/4952\/revisions\/5055"}],"wp:attachment":[{"href":"https:\/\/www.feuerwehrkostheim.de\/index.php?rest_route=%2Fwp%2Fv2%2Fmedia&parent=4952"}],"wp:term":[{"taxonomy":"category","embeddable":true,"href":"https:\/\/www.feuerwehrkostheim.de\/index.php?rest_route=%2Fwp%2Fv2%2Fcategories&post=4952"},{"taxonomy":"post_tag","embeddable":true,"href":"https:\/\/www.feuerwehrkostheim.de\/index.php?rest_route=%2Fwp%2Fv2%2Ftags&post=4952"}],"curies":[{"name":"wp","href":"https:\/\/api.w.org\/{rel}","templated":true}]}}