{"id":4945,"date":"2019-02-12T17:42:55","date_gmt":"2019-02-12T16:42:55","guid":{"rendered":"https:\/\/www.feuerwehrkostheim.de\/?p=4945"},"modified":"2019-02-12T17:42:55","modified_gmt":"2019-02-12T16:42:55","slug":"besetzung-der-feuerwache-2-2","status":"publish","type":"post","link":"https:\/\/www.feuerwehrkostheim.de\/?p=4945","title":{"rendered":"Besetzung der Feuerwache 2"},"content":{"rendered":"<p><img loading=\"lazy\" decoding=\"async\" class=\"alignleft\" title=\"Einsatz-Logo\" src=\"https:\/\/www.feuerwehrkostheim.de\/wp-content\/bilder\/sonstige\/logo_einsatz.jpg\" alt=\"Einsatz-Logo\" width=\"100\" height=\"100\" \/><strong>11. Februar 2019 &#8211; 18:39 Uhr<\/strong><br \/>\n<strong>Feuerwache 2<\/strong><br \/>\nFF-Einheit \/ Alarmgruppe mit FF-Kastel<br \/>\nEinsatz 06 &#8211; 2019<\/p>\n<p>Aufgrund eines ausgedehnten Wohnungsbrand in der Wiesbadener Wielandstra\u00dfe und einem fast zeitgleich weiteren Brandverdacht in der Innenstadt, der unter anderem von dem L\u00f6schzug der Wache 2 \u00fcberpr\u00fcft werden musste, wurde die Kostheimer Feuerwehr zusammen mit den Kollegen aus Kastel zur Wachbesetzung auf die Feuerwache 2 alarmiert. Da sich die zweite Einsatzstelle bei der \u00dcberpr\u00fcfung als ein Fehlalarm herausstellte \u2013 ein Grillfeuer war vermutlich der Grund f\u00fcr den gemeldeten Brandverdacht \u2013 kehrten die hauptamtlichen Kr\u00e4fte schon kurz nach dem Eintreffen der Unterst\u00fctzungseinheiten wieder zur\u00fcck zur Wache. Dadurch konnte die Wachbesetzung schon nach etwa einer halben Stunde \u2013 zumindest f\u00fcr die Wache in Kastel \u2013 wieder aufgehoben werden. Seitens der Kostheimer Wehr konnten die 21 Kameraden mit ihren drei Fahrzeugen wieder die Heimfahrt antreten.<\/p>\n","protected":false},"excerpt":{"rendered":"<p>11. Februar 2019 &#8211; 18:39 Uhr Feuerwache 2 FF-Einheit \/ Alarmgruppe mit FF-Kastel Einsatz 06 &#8211; 2019 Aufgrund eines ausgedehnten Wohnungsbrand in der Wiesbadener Wielandstra\u00dfe und einem fast zeitgleich weiteren Brandverdacht in der Innenstadt, der unter anderem von dem L\u00f6schzug der Wache 2 \u00fcberpr\u00fcft werden musste, wurde die Kostheimer Feuerwehr zusammen mit den Kollegen aus [&hellip;]<\/p>\n","protected":false},"author":1,"featured_media":0,"comment_status":"closed","ping_status":"open","sticky":false,"template":"","format":"standard","meta":{"_et_pb_use_builder":"","_et_pb_old_content":"","_et_gb_content_width":"","_crdt_document":"","footnotes":""},"categories":[4],"tags":[110,1186,243,708],"class_list":["post-4945","post","type-post","status-publish","format-standard","hentry","category-einsatzabteilung","tag-alarmgruppe","tag-innenstadt","tag-wachbesetzung","tag-wohnungsbrand"],"_links":{"self":[{"href":"https:\/\/www.feuerwehrkostheim.de\/index.php?rest_route=\/wp\/v2\/posts\/4945","targetHints":{"allow":["GET"]}}],"collection":[{"href":"https:\/\/www.feuerwehrkostheim.de\/index.php?rest_route=\/wp\/v2\/posts"}],"about":[{"href":"https:\/\/www.feuerwehrkostheim.de\/index.php?rest_route=\/wp\/v2\/types\/post"}],"author":[{"embeddable":true,"href":"https:\/\/www.feuerwehrkostheim.de\/index.php?rest_route=\/wp\/v2\/users\/1"}],"replies":[{"embeddable":true,"href":"https:\/\/www.feuerwehrkostheim.de\/index.php?rest_route=%2Fwp%2Fv2%2Fcomments&post=4945"}],"version-history":[{"count":1,"href":"https:\/\/www.feuerwehrkostheim.de\/index.php?rest_route=\/wp\/v2\/posts\/4945\/revisions"}],"predecessor-version":[{"id":4946,"href":"https:\/\/www.feuerwehrkostheim.de\/index.php?rest_route=\/wp\/v2\/posts\/4945\/revisions\/4946"}],"wp:attachment":[{"href":"https:\/\/www.feuerwehrkostheim.de\/index.php?rest_route=%2Fwp%2Fv2%2Fmedia&parent=4945"}],"wp:term":[{"taxonomy":"category","embeddable":true,"href":"https:\/\/www.feuerwehrkostheim.de\/index.php?rest_route=%2Fwp%2Fv2%2Fcategories&post=4945"},{"taxonomy":"post_tag","embeddable":true,"href":"https:\/\/www.feuerwehrkostheim.de\/index.php?rest_route=%2Fwp%2Fv2%2Ftags&post=4945"}],"curies":[{"name":"wp","href":"https:\/\/api.w.org\/{rel}","templated":true}]}}