{"id":4914,"date":"2019-01-14T16:59:52","date_gmt":"2019-01-14T15:59:52","guid":{"rendered":"https:\/\/www.feuerwehrkostheim.de\/?p=4914"},"modified":"2019-01-14T16:59:52","modified_gmt":"2019-01-14T15:59:52","slug":"oh-tannenbaum-jetzt-musst-du-weichen","status":"publish","type":"post","link":"https:\/\/www.feuerwehrkostheim.de\/?p=4914","title":{"rendered":"\u201eOh Tannenbaum, jetzt musst du weichen\u201c &#8230;"},"content":{"rendered":"<p><a href=\"https:\/\/www.feuerwehrkostheim.de\/wp-content\/uploads\/2019\/01\/2019-01-12-Weihnachtsbaumsammlung.jpg\" target=\"_blank\" rel=\"noopener\"><img loading=\"lazy\" decoding=\"async\" class=\" wp-image-4916 alignright\" style=\"border: 4px solid #D8D8D8;\" src=\"https:\/\/www.feuerwehrkostheim.de\/wp-content\/uploads\/2019\/01\/2019-01-12-Weihnachtsbaumsammlung-300x169.jpg\" width=\"360\" height=\"203\" srcset=\"https:\/\/www.feuerwehrkostheim.de\/wp-content\/uploads\/2019\/01\/2019-01-12-Weihnachtsbaumsammlung-300x169.jpg 300w, https:\/\/www.feuerwehrkostheim.de\/wp-content\/uploads\/2019\/01\/2019-01-12-Weihnachtsbaumsammlung-768x432.jpg 768w, https:\/\/www.feuerwehrkostheim.de\/wp-content\/uploads\/2019\/01\/2019-01-12-Weihnachtsbaumsammlung-1024x576.jpg 1024w\" sizes=\"(max-width: 360px) 100vw, 360px\" \/><\/a>&#8230; hie\u00df es am vergangenen Samstag im Kostheimer Ortsgebiet, nachdem die Kostheimer Jugendfeuerwehr zu ihrer allj\u00e4hrlichen Sammelaktion aufrief.<br \/>\nP\u00fcnktlich um 9 Uhr machten sich die Kinder und Jugendlichen samt ihren Jugendwarten und zahlreichen Helfern der Einsatzabteilung in zwei Gruppen auf, um im gesamten Ortsgebiet die mittlerweile stark nadelnden Weihnachtsb\u00e4ume einzusammeln.<br \/>\nDa man, wie in den vergangenen Jahren, wieder tatkr\u00e4ftige Unterst\u00fctzung durch einen Sperrm\u00fcllwagen der ELW hatte, konnte z\u00fcgig eingesammelt werden. Mit hei\u00dfem Zitronentee gewappnet, ging die Arbeit dann doppelt so schnell von der Hand.<br \/>\nNach einem anstrengenden Vormittag ging es zur Mittagszeit f\u00fcr beide Gruppen zum Feuerwehrger\u00e4tehaus, wo sie schon mit einem leckeren Mittagessen zur St\u00e4rkung erwartet wurden. Nachdem der gro\u00dfe Hunger gestillt war, machte man sich nochmals auf den Weg, um das noch verbliebene Gebiet von den restlichen herausgestellten Weihnachtsb\u00e4umen zu befreien.<br \/>\nNach gut sechs Stunden kehrten die beiden Gruppen ersch\u00f6pft aber zufrieden ins Feuerwehrger\u00e4tehaus zur\u00fcck. F\u00fcr die Kostheimer Jugendfeuerwehr ging damit ein erfolgreicher Aktionstag zu Ende.<br \/>\nAuf diesem Wege m\u00f6chte sich die Jugendfeuerwehr Kostheim recht herzlich f\u00fcr die Unterst\u00fctzung durch die Helfer der Einsatzabteilung, den Mitarbeitern der ELW sowie beim Ortslandwirt Bopp f\u00fcr die Zurverf\u00fcgungstellung eines Traktors mit Anh\u00e4nger bedanken. Ein ganz besonderer Dank gilt den Kostheimer B\u00fcrgerinnen und B\u00fcrgern die mit ihren Spenden die Arbeit der Jugendfeuerwehr unterst\u00fctzen.<\/p>\n","protected":false},"excerpt":{"rendered":"<p>&#8230; hie\u00df es am vergangenen Samstag im Kostheimer Ortsgebiet, nachdem die Kostheimer Jugendfeuerwehr zu ihrer allj\u00e4hrlichen Sammelaktion aufrief. P\u00fcnktlich um 9 Uhr machten sich die Kinder und Jugendlichen samt ihren Jugendwarten und zahlreichen Helfern der Einsatzabteilung in zwei Gruppen auf, um im gesamten Ortsgebiet die mittlerweile stark nadelnden Weihnachtsb\u00e4ume einzusammeln. Da man, wie in den [&hellip;]<\/p>\n","protected":false},"author":1,"featured_media":0,"comment_status":"closed","ping_status":"open","sticky":false,"template":"","format":"standard","meta":{"_et_pb_use_builder":"","_et_pb_old_content":"","_et_gb_content_width":"","_crdt_document":"","footnotes":""},"categories":[7],"tags":[55,275],"class_list":["post-4914","post","type-post","status-publish","format-standard","hentry","category-jugendfeuerwehr","tag-sammlung","tag-weihnachtrsbaumsammlung"],"_links":{"self":[{"href":"https:\/\/www.feuerwehrkostheim.de\/index.php?rest_route=\/wp\/v2\/posts\/4914","targetHints":{"allow":["GET"]}}],"collection":[{"href":"https:\/\/www.feuerwehrkostheim.de\/index.php?rest_route=\/wp\/v2\/posts"}],"about":[{"href":"https:\/\/www.feuerwehrkostheim.de\/index.php?rest_route=\/wp\/v2\/types\/post"}],"author":[{"embeddable":true,"href":"https:\/\/www.feuerwehrkostheim.de\/index.php?rest_route=\/wp\/v2\/users\/1"}],"replies":[{"embeddable":true,"href":"https:\/\/www.feuerwehrkostheim.de\/index.php?rest_route=%2Fwp%2Fv2%2Fcomments&post=4914"}],"version-history":[{"count":1,"href":"https:\/\/www.feuerwehrkostheim.de\/index.php?rest_route=\/wp\/v2\/posts\/4914\/revisions"}],"predecessor-version":[{"id":4917,"href":"https:\/\/www.feuerwehrkostheim.de\/index.php?rest_route=\/wp\/v2\/posts\/4914\/revisions\/4917"}],"wp:attachment":[{"href":"https:\/\/www.feuerwehrkostheim.de\/index.php?rest_route=%2Fwp%2Fv2%2Fmedia&parent=4914"}],"wp:term":[{"taxonomy":"category","embeddable":true,"href":"https:\/\/www.feuerwehrkostheim.de\/index.php?rest_route=%2Fwp%2Fv2%2Fcategories&post=4914"},{"taxonomy":"post_tag","embeddable":true,"href":"https:\/\/www.feuerwehrkostheim.de\/index.php?rest_route=%2Fwp%2Fv2%2Ftags&post=4914"}],"curies":[{"name":"wp","href":"https:\/\/api.w.org\/{rel}","templated":true}]}}