{"id":4864,"date":"2018-12-30T11:40:03","date_gmt":"2018-12-30T10:40:03","guid":{"rendered":"https:\/\/www.feuerwehrkostheim.de\/?p=4864"},"modified":"2018-12-30T11:40:03","modified_gmt":"2018-12-30T10:40:03","slug":"weihnachtsbaumsammlung-der-jugendfeuerwehr-2","status":"publish","type":"post","link":"https:\/\/www.feuerwehrkostheim.de\/?p=4864","title":{"rendered":"Weihnachtsbaumsammlung der Jugendfeuerwehr"},"content":{"rendered":"<p>Wie schon in den letzten Jahren, so bietet unsere Jugendfeuerwehr wieder die M\u00f6glichkeit an, dass die Kostheimer B\u00fcrger ihren abgeschm\u00fcckten Weihnachtsbaum bequem vor der Haust\u00fcr abholen lassen k\u00f6nnen. Aufgrund der vielen Nachfragen wegen der fr\u00fchen Abholung in den vergangenen Jahren, startet die Aktion dieses Mal eine Woche sp\u00e4ter, am 12. Januar 2019.<\/p>\n<p><a href=\"https:\/\/www.feuerwehrkostheim.de\/wp-content\/uploads\/2018\/12\/2019_Weihnachtsbaumsammlung.jpg\"><img loading=\"lazy\" decoding=\"async\" class=\"alignright size-large wp-image-4866\" src=\"https:\/\/www.feuerwehrkostheim.de\/wp-content\/uploads\/2018\/12\/2019_Weihnachtsbaumsammlung-1024x683.jpg\" alt=\"\" width=\"640\" height=\"427\" srcset=\"https:\/\/www.feuerwehrkostheim.de\/wp-content\/uploads\/2018\/12\/2019_Weihnachtsbaumsammlung-1024x683.jpg 1024w, https:\/\/www.feuerwehrkostheim.de\/wp-content\/uploads\/2018\/12\/2019_Weihnachtsbaumsammlung-300x200.jpg 300w, https:\/\/www.feuerwehrkostheim.de\/wp-content\/uploads\/2018\/12\/2019_Weihnachtsbaumsammlung-768x512.jpg 768w, https:\/\/www.feuerwehrkostheim.de\/wp-content\/uploads\/2018\/12\/2019_Weihnachtsbaumsammlung.jpg 1200w\" sizes=\"(max-width: 640px) 100vw, 640px\" \/><\/a><\/p>\n<p>Unsere Jugendfeuerwehr sammelt die B\u00e4ume an diesem Tag ab 09:00 Uhr ein. \u00dcber eine kleine Spende w\u00fcrden die Nachwuchsfeuerwehrm\u00e4nner\/frauen sich sehr freuen. Hierzu sollten Sie bitte einen kleinen Zettel mit Namen und Anschrift am Baum anbringen \u2013 die Spende wird dann sp\u00e4ter pers\u00f6nlich abgeholt.<\/p>\n<p>Aus organisatorischen Gr\u00fcnden muss der Baum um 09:00 Uhr vor der Haust\u00fcr stehen. Sp\u00e4ter herausgestellte B\u00e4ume werden unter Umst\u00e4nden nicht mehr abgeholt.<\/p>\n<p>Die Jugendfeuerwehr w\u00fcnscht allen Kostheimer B\u00fcrgern einen guten Rutsch ins neue Jahr 2019.<\/p>\n","protected":false},"excerpt":{"rendered":"<p>Wie schon in den letzten Jahren, so bietet unsere Jugendfeuerwehr wieder die M\u00f6glichkeit an, dass die Kostheimer B\u00fcrger ihren abgeschm\u00fcckten Weihnachtsbaum bequem vor der Haust\u00fcr abholen lassen k\u00f6nnen. Aufgrund der vielen Nachfragen wegen der fr\u00fchen Abholung in den vergangenen Jahren, startet die Aktion dieses Mal eine Woche sp\u00e4ter, am 12. Januar 2019. Unsere Jugendfeuerwehr sammelt [&hellip;]<\/p>\n","protected":false},"author":1,"featured_media":0,"comment_status":"closed","ping_status":"open","sticky":false,"template":"","format":"standard","meta":{"_et_pb_use_builder":"","_et_pb_old_content":"","_et_gb_content_width":"","_crdt_document":"","footnotes":""},"categories":[7],"tags":[1178,55,564,276,52],"class_list":["post-4864","post","type-post","status-publish","format-standard","hentry","category-jugendfeuerwehr","tag-abholung","tag-sammlung","tag-service","tag-weihnachtsbaum","tag-weihnachtsbaumsammlung"],"_links":{"self":[{"href":"https:\/\/www.feuerwehrkostheim.de\/index.php?rest_route=\/wp\/v2\/posts\/4864","targetHints":{"allow":["GET"]}}],"collection":[{"href":"https:\/\/www.feuerwehrkostheim.de\/index.php?rest_route=\/wp\/v2\/posts"}],"about":[{"href":"https:\/\/www.feuerwehrkostheim.de\/index.php?rest_route=\/wp\/v2\/types\/post"}],"author":[{"embeddable":true,"href":"https:\/\/www.feuerwehrkostheim.de\/index.php?rest_route=\/wp\/v2\/users\/1"}],"replies":[{"embeddable":true,"href":"https:\/\/www.feuerwehrkostheim.de\/index.php?rest_route=%2Fwp%2Fv2%2Fcomments&post=4864"}],"version-history":[{"count":6,"href":"https:\/\/www.feuerwehrkostheim.de\/index.php?rest_route=\/wp\/v2\/posts\/4864\/revisions"}],"predecessor-version":[{"id":4871,"href":"https:\/\/www.feuerwehrkostheim.de\/index.php?rest_route=\/wp\/v2\/posts\/4864\/revisions\/4871"}],"wp:attachment":[{"href":"https:\/\/www.feuerwehrkostheim.de\/index.php?rest_route=%2Fwp%2Fv2%2Fmedia&parent=4864"}],"wp:term":[{"taxonomy":"category","embeddable":true,"href":"https:\/\/www.feuerwehrkostheim.de\/index.php?rest_route=%2Fwp%2Fv2%2Fcategories&post=4864"},{"taxonomy":"post_tag","embeddable":true,"href":"https:\/\/www.feuerwehrkostheim.de\/index.php?rest_route=%2Fwp%2Fv2%2Ftags&post=4864"}],"curies":[{"name":"wp","href":"https:\/\/api.w.org\/{rel}","templated":true}]}}