{"id":4842,"date":"2018-12-11T17:31:32","date_gmt":"2018-12-11T16:31:32","guid":{"rendered":"https:\/\/www.feuerwehrkostheim.de\/?p=4842"},"modified":"2018-12-11T17:35:47","modified_gmt":"2018-12-11T16:35:47","slug":"waschmaschine-brennt-im-keller-gebaeude-verraucht","status":"publish","type":"post","link":"https:\/\/www.feuerwehrkostheim.de\/?p=4842","title":{"rendered":"Waschmaschine brennt im Keller &#8211; Geb\u00e4ude verraucht"},"content":{"rendered":"<p><img loading=\"lazy\" decoding=\"async\" class=\"alignleft\" title=\"Einsatz-Logo\" src=\"https:\/\/www.feuerwehrkostheim.de\/wp-content\/bilder\/sonstige\/logo_einsatz.jpg\" alt=\"Einsatz-Logo\" width=\"100\" height=\"100\" \/><strong>11. Dezember 2018 &#8211; 11:30 Uhr<\/strong><br \/>\n<strong>Im Sampel<\/strong><br \/>\nFF-Einheit<br \/>\nEinsatz 99 &#8211; 2018<\/p>\n<p><img decoding=\"async\" class=\"alignright size-medium\" style=\"border: 4px solid #D8D8D8;\" src=\"https:\/\/farm5.staticflickr.com\/4882\/31336427317_a5f606472f_n.jpg\" height=\"320\" \/>Am Dienstagmittag sorgte eine brennende Waschmaschine im Keller eines Reihenhauses f\u00fcr einen Einsatz der Kostheimer Feuerwehr zusammen mit der Berufsfeuerwehr. Als die Kr\u00e4fte an der Einsatzstelle im Sampel eintrafen, war das komplette Geb\u00e4ude schon stark verraucht. Ein Trupp r\u00fcstete sich mit Atemschutz und einem Strahlrohr aus und l\u00f6schte den Brand im Untergeschoss. Nachdem das Feuer gel\u00f6scht und die abgebrannte Waschmaschine ins Freie gebracht war, konnte man mit umfangreichen Bel\u00fcftungsma\u00dfnahmen beginnen.<\/p>\n<p>Eine Person wurde vorsorglich dem ebenfalls anwesenden Rettungsdienst \u00fcbergeben.<\/p>\n<p>Der Einsatz konnte nach Abschluss der L\u00fcftungs- und Aufr\u00e4umarbeiten nach etwa einer Stunde abgeschlossen werden. Eine Beurteilung der Brandursache sowie der Schadensh\u00f6he konnte vor Ort nicht abschlie\u00dfend durchgef\u00fchrt werden.<\/p>\n<p>[FAGP id=4843]<\/p>\n","protected":false},"excerpt":{"rendered":"<p>11. Dezember 2018 &#8211; 11:30 Uhr Im Sampel FF-Einheit Einsatz 99 &#8211; 2018 Am Dienstagmittag sorgte eine brennende Waschmaschine im Keller eines Reihenhauses f\u00fcr einen Einsatz der Kostheimer Feuerwehr zusammen mit der Berufsfeuerwehr. Als die Kr\u00e4fte an der Einsatzstelle im Sampel eintrafen, war das komplette Geb\u00e4ude schon stark verraucht. Ein Trupp r\u00fcstete sich mit Atemschutz [&hellip;]<\/p>\n","protected":false},"author":1,"featured_media":0,"comment_status":"closed","ping_status":"open","sticky":false,"template":"","format":"standard","meta":{"_et_pb_use_builder":"","_et_pb_old_content":"","_et_gb_content_width":"","_crdt_document":"","footnotes":""},"categories":[5],"tags":[110,50,31,236,785,1176],"class_list":["post-4842","post","type-post","status-publish","format-standard","hentry","category-einsatze","tag-alarmgruppe","tag-brand","tag-feuer","tag-keller","tag-sampel","tag-waschmaschine"],"_links":{"self":[{"href":"https:\/\/www.feuerwehrkostheim.de\/index.php?rest_route=\/wp\/v2\/posts\/4842","targetHints":{"allow":["GET"]}}],"collection":[{"href":"https:\/\/www.feuerwehrkostheim.de\/index.php?rest_route=\/wp\/v2\/posts"}],"about":[{"href":"https:\/\/www.feuerwehrkostheim.de\/index.php?rest_route=\/wp\/v2\/types\/post"}],"author":[{"embeddable":true,"href":"https:\/\/www.feuerwehrkostheim.de\/index.php?rest_route=\/wp\/v2\/users\/1"}],"replies":[{"embeddable":true,"href":"https:\/\/www.feuerwehrkostheim.de\/index.php?rest_route=%2Fwp%2Fv2%2Fcomments&post=4842"}],"version-history":[{"count":5,"href":"https:\/\/www.feuerwehrkostheim.de\/index.php?rest_route=\/wp\/v2\/posts\/4842\/revisions"}],"predecessor-version":[{"id":4848,"href":"https:\/\/www.feuerwehrkostheim.de\/index.php?rest_route=\/wp\/v2\/posts\/4842\/revisions\/4848"}],"wp:attachment":[{"href":"https:\/\/www.feuerwehrkostheim.de\/index.php?rest_route=%2Fwp%2Fv2%2Fmedia&parent=4842"}],"wp:term":[{"taxonomy":"category","embeddable":true,"href":"https:\/\/www.feuerwehrkostheim.de\/index.php?rest_route=%2Fwp%2Fv2%2Fcategories&post=4842"},{"taxonomy":"post_tag","embeddable":true,"href":"https:\/\/www.feuerwehrkostheim.de\/index.php?rest_route=%2Fwp%2Fv2%2Ftags&post=4842"}],"curies":[{"name":"wp","href":"https:\/\/api.w.org\/{rel}","templated":true}]}}