{"id":4836,"date":"2018-12-03T17:43:34","date_gmt":"2018-12-03T16:43:34","guid":{"rendered":"https:\/\/www.feuerwehrkostheim.de\/?p=4836"},"modified":"2018-12-03T17:43:34","modified_gmt":"2018-12-03T16:43:34","slug":"advent-advent-der-adventskranz-brennt","status":"publish","type":"post","link":"https:\/\/www.feuerwehrkostheim.de\/?p=4836","title":{"rendered":"Advent, Advent der Adventskranz brennt&#8230;"},"content":{"rendered":"<p><a href=\"https:\/\/www.feuerwehrkostheim.de\/wp-content\/uploads\/2018\/12\/2018-12-03_Weihnachtsbaum.jpg\" target=\"_blank\" rel=\"noopener\"><img loading=\"lazy\" decoding=\"async\" class=\"alignright wp-image-4837 size-medium\" style=\"border: 4px solid #D8D8D8;\" src=\"https:\/\/www.feuerwehrkostheim.de\/wp-content\/uploads\/2018\/12\/2018-12-03_Weihnachtsbaum-199x300.jpg\" width=\"199\" height=\"300\" srcset=\"https:\/\/www.feuerwehrkostheim.de\/wp-content\/uploads\/2018\/12\/2018-12-03_Weihnachtsbaum-199x300.jpg 199w, https:\/\/www.feuerwehrkostheim.de\/wp-content\/uploads\/2018\/12\/2018-12-03_Weihnachtsbaum-768x1160.jpg 768w, https:\/\/www.feuerwehrkostheim.de\/wp-content\/uploads\/2018\/12\/2018-12-03_Weihnachtsbaum-678x1024.jpg 678w, https:\/\/www.feuerwehrkostheim.de\/wp-content\/uploads\/2018\/12\/2018-12-03_Weihnachtsbaum.jpg 1000w\" sizes=\"(max-width: 199px) 100vw, 199px\" \/><\/a>Sie m\u00f6chten gerne mehr \u00fcber unsere Freiwillige Feuerwehr Mainz-Kostheim erfahren, oder fragen sich, wie Sie die Kostheimer Feuerwehr unterst\u00fctzen k\u00f6nnen, ohne gleich aktiv der Einsatzabteilung beitreten zu m\u00fcssen?<\/p>\n<p>Dann besuchen Sie uns vom <strong>7. bis 9. Dezember 2018<\/strong> an unserem Stand auf dem <strong>Kostheimer Weihnachtsmarkt<\/strong> am Weinprobierstand.<\/p>\n<p>Neben informativen Gespr\u00e4chen mit den Feuerwehrkollegen k\u00f6nnen sich Kinder und Jugendliche auch \u00fcber die Nachwuchsabteilungen &#8211; Bambini- und Jugendfeuerwehr &#8211; schlau machen.<\/p>\n","protected":false},"excerpt":{"rendered":"<p>Sie m\u00f6chten gerne mehr \u00fcber unsere Freiwillige Feuerwehr Mainz-Kostheim erfahren, oder fragen sich, wie Sie die Kostheimer Feuerwehr unterst\u00fctzen k\u00f6nnen, ohne gleich aktiv der Einsatzabteilung beitreten zu m\u00fcssen? Dann besuchen Sie uns vom 7. bis 9. Dezember 2018 an unserem Stand auf dem Kostheimer Weihnachtsmarkt am Weinprobierstand. Neben informativen Gespr\u00e4chen mit den Feuerwehrkollegen k\u00f6nnen sich [&hellip;]<\/p>\n","protected":false},"author":1,"featured_media":0,"comment_status":"closed","ping_status":"open","sticky":false,"template":"","format":"standard","meta":{"_et_pb_use_builder":"","_et_pb_old_content":"","_et_gb_content_width":"","_crdt_document":"","footnotes":""},"categories":[3,4,7,9,10],"tags":[1175,1174,1173],"class_list":["post-4836","post","type-post","status-publish","format-standard","hentry","category-bambinifeuerwehr","category-einsatzabteilung","category-jugendfeuerwehr","category-veranstaltungen","category-verein","tag-stand","tag-weihnachtsmarkt","tag-weihnachtszauber"],"_links":{"self":[{"href":"https:\/\/www.feuerwehrkostheim.de\/index.php?rest_route=\/wp\/v2\/posts\/4836","targetHints":{"allow":["GET"]}}],"collection":[{"href":"https:\/\/www.feuerwehrkostheim.de\/index.php?rest_route=\/wp\/v2\/posts"}],"about":[{"href":"https:\/\/www.feuerwehrkostheim.de\/index.php?rest_route=\/wp\/v2\/types\/post"}],"author":[{"embeddable":true,"href":"https:\/\/www.feuerwehrkostheim.de\/index.php?rest_route=\/wp\/v2\/users\/1"}],"replies":[{"embeddable":true,"href":"https:\/\/www.feuerwehrkostheim.de\/index.php?rest_route=%2Fwp%2Fv2%2Fcomments&post=4836"}],"version-history":[{"count":2,"href":"https:\/\/www.feuerwehrkostheim.de\/index.php?rest_route=\/wp\/v2\/posts\/4836\/revisions"}],"predecessor-version":[{"id":4840,"href":"https:\/\/www.feuerwehrkostheim.de\/index.php?rest_route=\/wp\/v2\/posts\/4836\/revisions\/4840"}],"wp:attachment":[{"href":"https:\/\/www.feuerwehrkostheim.de\/index.php?rest_route=%2Fwp%2Fv2%2Fmedia&parent=4836"}],"wp:term":[{"taxonomy":"category","embeddable":true,"href":"https:\/\/www.feuerwehrkostheim.de\/index.php?rest_route=%2Fwp%2Fv2%2Fcategories&post=4836"},{"taxonomy":"post_tag","embeddable":true,"href":"https:\/\/www.feuerwehrkostheim.de\/index.php?rest_route=%2Fwp%2Fv2%2Ftags&post=4836"}],"curies":[{"name":"wp","href":"https:\/\/api.w.org\/{rel}","templated":true}]}}