{"id":4813,"date":"2018-11-07T22:42:40","date_gmt":"2018-11-07T20:42:40","guid":{"rendered":"https:\/\/www.feuerwehrkostheim.de\/?p=4813"},"modified":"2018-11-12T22:47:32","modified_gmt":"2018-11-12T20:47:32","slug":"wachbesetzung-wegen-dachstuhlbrand-in-der-innenstadt","status":"publish","type":"post","link":"https:\/\/www.feuerwehrkostheim.de\/?p=4813","title":{"rendered":"Wachbesetzung wegen Dachstuhlbrand in der Innenstadt"},"content":{"rendered":"<p><img loading=\"lazy\" decoding=\"async\" class=\"alignleft\" title=\"Einsatz-Logo\" src=\"https:\/\/www.feuerwehrkostheim.de\/wp-content\/bilder\/sonstige\/logo_einsatz.jpg\" alt=\"Einsatz-Logo\" width=\"100\" height=\"100\" \/><strong>07. November 2018 &#8211; 09:40 Uhr<\/strong><br \/>\n<strong>Feuerwache 2<\/strong><br \/>\nFF-Einheit \/ Alarmgruppe mit FF-Kastel<br \/>\nEinsatz 94 &#8211; 2018<\/p>\n<p><a href=\"https:\/\/www.feuerwehrkostheim.de\/wp-content\/uploads\/2018\/11\/2018-11-07_Wachbesetzung.jpg\"><img loading=\"lazy\" decoding=\"async\" class=\"alignright size-medium wp-image-4810\" style=\"border: 4px solid #D8D8D8;\" src=\"https:\/\/www.feuerwehrkostheim.de\/wp-content\/uploads\/2018\/11\/2018-11-07_Wachbesetzung-300x225.jpg\" width=\"300\" height=\"225\" \/><\/a>Aufgrund eines gr\u00f6\u00dferen <a href=\"http:\/\/www.wiesbaden.de\/microsite\/feuerwehr\/einsaetze\/index.php?showpm=true&amp;pmurl=http:\/\/www.wiesbaden.de\/guiapplications\/newsdesk\/publications\/Landeshauptstadt_Wiesbaden\/141010100000342356.php\" target=\"_blank\" rel=\"noopener\">Dachstuhlbrandes in der Wiesbadener Innenstadt<\/a> mussten am Mittwochmorgen alle drei Feuerwachen der Berufsfeuerwehr durch Freiwillige Feuerwehren besetzt werden. Turnusgem\u00e4\u00df ist die Alarmgruppe der Wehren Kostheim und Kastel im November f\u00fcr die Feuerwache 2 in Kastel eingeteilt, weswegen beide Feuerwehren gegen 9:40 Uhr alarmiert wurden. Die Feuerwehr Kostheim r\u00fcckte mit beiden L\u00f6schfahrzeugen sowie 13 Kameraden aus und stellte auf der Feuerwache angekommen auch Personal f\u00fcr Botenfahrten und die personelle Unterst\u00fctzung des Nachschubes. W\u00e4hrend der Bereitschaftszeit musste lediglich gegen 12 Uhr zu einem<a href=\"https:\/\/www.feuerwehrkostheim.de\/?p=4813\" target=\"_blank\" rel=\"noopener\"> ausgel\u00f6sten Heimrauchmelder in Biebrich<\/a> ausger\u00fcckt werden. Gegen 13:30 Uhr waren die Kollegen der Berufsfeuerwehr wieder von ihrem Einsatz zur\u00fcck, wodurch kurz danach die Wachbesetzung aufgel\u00f6st werden konnte.<\/p>\n","protected":false},"excerpt":{"rendered":"<p>07. November 2018 &#8211; 09:40 Uhr Feuerwache 2 FF-Einheit \/ Alarmgruppe mit FF-Kastel Einsatz 94 &#8211; 2018 Aufgrund eines gr\u00f6\u00dferen Dachstuhlbrandes in der Wiesbadener Innenstadt mussten am Mittwochmorgen alle drei Feuerwachen der Berufsfeuerwehr durch Freiwillige Feuerwehren besetzt werden. Turnusgem\u00e4\u00df ist die Alarmgruppe der Wehren Kostheim und Kastel im November f\u00fcr die Feuerwache 2 in Kastel [&hellip;]<\/p>\n","protected":false},"author":1,"featured_media":0,"comment_status":"closed","ping_status":"open","sticky":false,"template":"","format":"standard","meta":{"_et_pb_use_builder":"","_et_pb_old_content":"","_et_gb_content_width":"","_crdt_document":"","footnotes":""},"categories":[5],"tags":[110,304,242,267,243],"class_list":["post-4813","post","type-post","status-publish","format-standard","hentry","category-einsatze","tag-alarmgruppe","tag-dachstuhlbrand","tag-feuerwache-2","tag-grosbrand","tag-wachbesetzung"],"_links":{"self":[{"href":"https:\/\/www.feuerwehrkostheim.de\/index.php?rest_route=\/wp\/v2\/posts\/4813","targetHints":{"allow":["GET"]}}],"collection":[{"href":"https:\/\/www.feuerwehrkostheim.de\/index.php?rest_route=\/wp\/v2\/posts"}],"about":[{"href":"https:\/\/www.feuerwehrkostheim.de\/index.php?rest_route=\/wp\/v2\/types\/post"}],"author":[{"embeddable":true,"href":"https:\/\/www.feuerwehrkostheim.de\/index.php?rest_route=\/wp\/v2\/users\/1"}],"replies":[{"embeddable":true,"href":"https:\/\/www.feuerwehrkostheim.de\/index.php?rest_route=%2Fwp%2Fv2%2Fcomments&post=4813"}],"version-history":[{"count":1,"href":"https:\/\/www.feuerwehrkostheim.de\/index.php?rest_route=\/wp\/v2\/posts\/4813\/revisions"}],"predecessor-version":[{"id":4815,"href":"https:\/\/www.feuerwehrkostheim.de\/index.php?rest_route=\/wp\/v2\/posts\/4813\/revisions\/4815"}],"wp:attachment":[{"href":"https:\/\/www.feuerwehrkostheim.de\/index.php?rest_route=%2Fwp%2Fv2%2Fmedia&parent=4813"}],"wp:term":[{"taxonomy":"category","embeddable":true,"href":"https:\/\/www.feuerwehrkostheim.de\/index.php?rest_route=%2Fwp%2Fv2%2Fcategories&post=4813"},{"taxonomy":"post_tag","embeddable":true,"href":"https:\/\/www.feuerwehrkostheim.de\/index.php?rest_route=%2Fwp%2Fv2%2Ftags&post=4813"}],"curies":[{"name":"wp","href":"https:\/\/api.w.org\/{rel}","templated":true}]}}