{"id":4808,"date":"2018-11-05T18:12:21","date_gmt":"2018-11-05T16:12:21","guid":{"rendered":"https:\/\/www.feuerwehrkostheim.de\/?p=4808"},"modified":"2018-11-05T18:12:21","modified_gmt":"2018-11-05T16:12:21","slug":"totengedenkfeier-des-kostheimer-vereinsrings-2","status":"publish","type":"post","link":"https:\/\/www.feuerwehrkostheim.de\/?p=4808","title":{"rendered":"Totengedenkfeier des Kostheimer Vereinsrings"},"content":{"rendered":"<p><a href=\"https:\/\/www.feuerwehrkostheim.de\/wp-content\/uploads\/2018\/11\/2018-11-04-Totengedenken.jpg\"><img loading=\"lazy\" decoding=\"async\" class=\"alignright size-medium wp-image-4807\" style=\"border: 4px solid #D8D8D8;\" src=\"https:\/\/www.feuerwehrkostheim.de\/wp-content\/uploads\/2018\/11\/2018-11-04-Totengedenken-300x152.jpg\" width=\"300\" height=\"152\" srcset=\"https:\/\/www.feuerwehrkostheim.de\/wp-content\/uploads\/2018\/11\/2018-11-04-Totengedenken-300x152.jpg 300w, https:\/\/www.feuerwehrkostheim.de\/wp-content\/uploads\/2018\/11\/2018-11-04-Totengedenken-768x389.jpg 768w, https:\/\/www.feuerwehrkostheim.de\/wp-content\/uploads\/2018\/11\/2018-11-04-Totengedenken-1024x519.jpg 1024w, https:\/\/www.feuerwehrkostheim.de\/wp-content\/uploads\/2018\/11\/2018-11-04-Totengedenken-600x304.jpg 600w\" sizes=\"(max-width: 300px) 100vw, 300px\" \/><\/a>Die Kostheimer Feuerwehr beteiligte sich auch in diesem Jahr wieder an der traditionell am ersten Sonntag im November stattfindenden Totengedenkfeier auf dem Kostheimer Friedhof. Zwischen Fackeltr\u00e4gern und Fahnenabordnungen der \u00f6rtlichen Vereine berichteten Sch\u00fclerinnen der Wilhelm-Leuschner-Schule \u00fcber ihre Gedanken zum Thema Krieg und Vertreibung. W\u00e4hrend der Zeremonie, bei der auch eine Kranzniederlegung erfolgte, wurde zudem auch den Verstorbenen aus dem Familienkreis und der Vereine gedacht.<\/p>\n","protected":false},"excerpt":{"rendered":"<p>Die Kostheimer Feuerwehr beteiligte sich auch in diesem Jahr wieder an der traditionell am ersten Sonntag im November stattfindenden Totengedenkfeier auf dem Kostheimer Friedhof. Zwischen Fackeltr\u00e4gern und Fahnenabordnungen der \u00f6rtlichen Vereine berichteten Sch\u00fclerinnen der Wilhelm-Leuschner-Schule \u00fcber ihre Gedanken zum Thema Krieg und Vertreibung. W\u00e4hrend der Zeremonie, bei der auch eine Kranzniederlegung erfolgte, wurde zudem auch [&hellip;]<\/p>\n","protected":false},"author":1,"featured_media":0,"comment_status":"closed","ping_status":"open","sticky":false,"template":"","format":"standard","meta":{"_et_pb_use_builder":"","_et_pb_old_content":"","_et_gb_content_width":"","_crdt_document":"","footnotes":""},"categories":[4,9],"tags":[169,390,170],"class_list":["post-4808","post","type-post","status-publish","format-standard","hentry","category-einsatzabteilung","category-veranstaltungen","tag-friedhof","tag-gedenkfeier","tag-vereinsring"],"_links":{"self":[{"href":"https:\/\/www.feuerwehrkostheim.de\/index.php?rest_route=\/wp\/v2\/posts\/4808","targetHints":{"allow":["GET"]}}],"collection":[{"href":"https:\/\/www.feuerwehrkostheim.de\/index.php?rest_route=\/wp\/v2\/posts"}],"about":[{"href":"https:\/\/www.feuerwehrkostheim.de\/index.php?rest_route=\/wp\/v2\/types\/post"}],"author":[{"embeddable":true,"href":"https:\/\/www.feuerwehrkostheim.de\/index.php?rest_route=\/wp\/v2\/users\/1"}],"replies":[{"embeddable":true,"href":"https:\/\/www.feuerwehrkostheim.de\/index.php?rest_route=%2Fwp%2Fv2%2Fcomments&post=4808"}],"version-history":[{"count":0,"href":"https:\/\/www.feuerwehrkostheim.de\/index.php?rest_route=\/wp\/v2\/posts\/4808\/revisions"}],"wp:attachment":[{"href":"https:\/\/www.feuerwehrkostheim.de\/index.php?rest_route=%2Fwp%2Fv2%2Fmedia&parent=4808"}],"wp:term":[{"taxonomy":"category","embeddable":true,"href":"https:\/\/www.feuerwehrkostheim.de\/index.php?rest_route=%2Fwp%2Fv2%2Fcategories&post=4808"},{"taxonomy":"post_tag","embeddable":true,"href":"https:\/\/www.feuerwehrkostheim.de\/index.php?rest_route=%2Fwp%2Fv2%2Ftags&post=4808"}],"curies":[{"name":"wp","href":"https:\/\/api.w.org\/{rel}","templated":true}]}}