{"id":4743,"date":"2018-08-27T15:23:42","date_gmt":"2018-08-27T13:23:42","guid":{"rendered":"https:\/\/www.feuerwehrkostheim.de\/?p=4743"},"modified":"2018-08-27T15:28:33","modified_gmt":"2018-08-27T13:28:33","slug":"kostheimer-wehr-unterstuetzt-das-pp-westhessen-beim-tag-der-offenen-tuer","status":"publish","type":"post","link":"https:\/\/www.feuerwehrkostheim.de\/?p=4743","title":{"rendered":"Kostheimer Wehr unterst\u00fctzt das PP Westhessen beim Tag der offenen T\u00fcr"},"content":{"rendered":"<p><img decoding=\"async\" class=\"alignright size-medium\" style=\"border: 4px solid #D8D8D8;\" src=\"https:\/\/farm2.staticflickr.com\/1855\/30432935198_9d85935e16_n.jpg\" height=\"179\" \/>Nach einer \u2013 bedingt durch den Einsatz in der Viktoriastra\u00dfe \u2013 relativ kurzen Nacht, versammelten sich am fr\u00fchen Sonntagmorgen Kameraden aus Einsatzabteilung und Jugendfeuerwehr, um das Polizeipr\u00e4sidium Westhessen bei deren Tag der offenen T\u00fcr tatkr\u00e4ftig mit einem Grillstand zu unterst\u00fctzen. Die Vorbereitungen hierf\u00fcr waren abgeschlossen und alle Utensilien schon abfahrbereit am Vortag verstaut, sodass man direkt das Veranstaltungsgel\u00e4nde am Konrad-Adenauer-Ring ansteuern und den Grillstand aufbauen konnte. Noch bevor es richtig los ging, besuchte der Polizeipr\u00e4sident Stefan M\u00fcller mit der Polizeivizepr\u00e4sidentin Roswitha Briel bei einem Rundgang \u00fcber das Festgel\u00e4nde die Kameraden und bedankte sich pers\u00f6nlich per Handschlag bei jedem Einzelnen f\u00fcr die Unterst\u00fctzung und w\u00fcnschte allen viel Erfolg.<\/p>\n<p><img decoding=\"async\" class=\"alignleft size-medium\" style=\"border: 4px solid #D8D8D8;\" src=\"https:\/\/farm2.staticflickr.com\/1885\/30432937238_89f3d1a145_n.jpg\" height=\"179\" \/>P\u00fcnktlich um 10 Uhr startete bei strahlendem Sonnenschein und angenehmen Temperaturen ein f\u00fcr die Besucher informativer und abwechslungsreicher Tag der offenen T\u00fcr des Polizeipr\u00e4sidiums Westhessen. Nachdem bis kurz nach 11 Uhr der Grillstand nur vereinzelte G\u00e4ste mit dem Wunsch nach einer Brat- oder Rindswurst anlockte, kam es gegen Mittag umso geballter. In den n\u00e4chsten gut dreieinhalb Stunden war f\u00fcr die 16 Kameradinnen und Kameraden keine Verschnaufpause m\u00f6glich und man reichte um 14:42 Uhr die letzte von 1100 W\u00fcrsten \u00fcber die Theke. Zwar hatte man die im Vorfeld anvisierten Portionen bereits um 10 Prozent aufgestockt, doch aufgrund des \u00fcbertroffenen Besucheransturms h\u00e4tte man noch deutlich mehr an den Besucher bringen k\u00f6nnen. Polizeipr\u00e4sident M\u00fcller hatte es in der Zwischenzeit auch bei all seinen Verpflichtungen geschafft, sich am Grillstand der Kostheimer Wehr von der guten Qualit\u00e4t ihres Angebots pers\u00f6nlich zu \u00fcberzeugen.<\/p>\n<p><!--more--><\/p>\n<p><img decoding=\"async\" class=\"alignright size-medium\" style=\"border: 4px solid #D8D8D8;\" src=\"https:\/\/farm2.staticflickr.com\/1842\/30432941898_2953b58105_n.jpg\" height=\"240\" \/>Nach einer kurzen Verschnaufpause nutzten die Kameraden nun die Gelegenheit, bis zum Veranstaltungsende selbst einen Blick auf das umfangreiche Angebot zu werfen. Ersch\u00f6pft aber zufrieden, dass alles gut gelaufen ist und das Wetter, entgegen einiger Vorhersagen unter der Woche, perfekt war, am fr\u00fchen Abend die Heimfahrt an.<\/p>\n<p>+ + + + <em>Hier ein Bericht vom Polizeipr\u00e4sidium: LINK + + + +<\/em><\/p>\n<p>[FAGP id=4742]<\/p>\n","protected":false},"excerpt":{"rendered":"<p>Nach einer \u2013 bedingt durch den Einsatz in der Viktoriastra\u00dfe \u2013 relativ kurzen Nacht, versammelten sich am fr\u00fchen Sonntagmorgen Kameraden aus Einsatzabteilung und Jugendfeuerwehr, um das Polizeipr\u00e4sidium Westhessen bei deren Tag der offenen T\u00fcr tatkr\u00e4ftig mit einem Grillstand zu unterst\u00fctzen. Die Vorbereitungen hierf\u00fcr waren abgeschlossen und alle Utensilien schon abfahrbereit am Vortag verstaut, sodass man [&hellip;]<\/p>\n","protected":false},"author":1,"featured_media":0,"comment_status":"closed","ping_status":"open","sticky":false,"template":"","format":"standard","meta":{"_et_pb_use_builder":"","_et_pb_old_content":"","_et_gb_content_width":"","_crdt_document":"","footnotes":""},"categories":[4,7,9],"tags":[34,1150,1149,1151,256,1152],"class_list":["post-4743","post","type-post","status-publish","format-standard","hentry","category-einsatzabteilung","category-jugendfeuerwehr","category-veranstaltungen","tag-grillen","tag-grillstand","tag-polizeipraesidium","tag-pp","tag-tag-der-offenen-tur","tag-westhessen"],"_links":{"self":[{"href":"https:\/\/www.feuerwehrkostheim.de\/index.php?rest_route=\/wp\/v2\/posts\/4743","targetHints":{"allow":["GET"]}}],"collection":[{"href":"https:\/\/www.feuerwehrkostheim.de\/index.php?rest_route=\/wp\/v2\/posts"}],"about":[{"href":"https:\/\/www.feuerwehrkostheim.de\/index.php?rest_route=\/wp\/v2\/types\/post"}],"author":[{"embeddable":true,"href":"https:\/\/www.feuerwehrkostheim.de\/index.php?rest_route=\/wp\/v2\/users\/1"}],"replies":[{"embeddable":true,"href":"https:\/\/www.feuerwehrkostheim.de\/index.php?rest_route=%2Fwp%2Fv2%2Fcomments&post=4743"}],"version-history":[{"count":0,"href":"https:\/\/www.feuerwehrkostheim.de\/index.php?rest_route=\/wp\/v2\/posts\/4743\/revisions"}],"wp:attachment":[{"href":"https:\/\/www.feuerwehrkostheim.de\/index.php?rest_route=%2Fwp%2Fv2%2Fmedia&parent=4743"}],"wp:term":[{"taxonomy":"category","embeddable":true,"href":"https:\/\/www.feuerwehrkostheim.de\/index.php?rest_route=%2Fwp%2Fv2%2Fcategories&post=4743"},{"taxonomy":"post_tag","embeddable":true,"href":"https:\/\/www.feuerwehrkostheim.de\/index.php?rest_route=%2Fwp%2Fv2%2Ftags&post=4743"}],"curies":[{"name":"wp","href":"https:\/\/api.w.org\/{rel}","templated":true}]}}