{"id":474,"date":"2008-03-01T01:23:19","date_gmt":"2008-03-01T01:23:19","guid":{"rendered":"http:\/\/www.feuerwehrkostheim.de\/ffk\/?p=474"},"modified":"2018-06-02T14:08:37","modified_gmt":"2018-06-02T13:08:37","slug":"orkan-emma-verschont-kostheim","status":"publish","type":"post","link":"https:\/\/www.feuerwehrkostheim.de\/?p=474","title":{"rendered":"Orkan EMMA verschont Kostheim"},"content":{"rendered":"<p><a title=\"Orkan Emma in AKK - 01.03.08 von FF-Kostheim bei Flickr\" href=\"http:\/\/www.flickr.com\/photos\/ffkostheim\/sets\/72157604018106935\/\" target=\"_blank\"><img loading=\"lazy\" decoding=\"async\" class=\"alignleft\" src=\"http:\/\/farm3.static.flickr.com\/2016\/2301469991_09fd60a5d0_m.jpg\" alt=\"Orkan Emma in AKK - 01.03.08\" width=\"240\" height=\"160\" align=\"left\" hspace=\"4\" vspace=\"4\" \/><\/a>Der schon im Vorfeld von den Meteorologen vorhergesagte Sturm EMMA, mit gro\u00dffl\u00e4chig auftretenden Orkanb\u00f6en, verschohnte den Ortsteil Kostheim weitgehenst. Bis auf wenige besch\u00e4digte B\u00e4ume waren sonst keine gr\u00f6\u00dferen Vorkommnisse zu verzeichnen.\u00a0 <!--more-->In der Kiefernstra\u00dfe brachen mehrer \u00c4ste eines Baumes ab und lagen an der Hauswand und auf dem Dach des daneben stehenden Hauses. Diese mussten mittels der Drehleiter abgetragen werden. In der Ulmenstra\u00dfe entwurzelte es einen Baum welcher in Richtung Spielplatz umkippte sich aber auf einer angrenzenden Mauer zum liegen kam. Aufgrund der beengten Verh\u00e4ltnisse, die ein Befahren des Spielplatzes mit der Drehleiter unm\u00f6glich machten, wurde der Bereich um den Baum lediglich abgesperrt und das zust\u00e4ndige Gr\u00fcnfl\u00e4chenamt informiert.<\/p>\n<p><a title=\"Orkan Emma in AKK - 01.03.08 von FF-Kostheim bei Flickr\" href=\"http:\/\/www.flickr.com\/photos\/ffkostheim\/sets\/72157604018106935\/\" target=\"_blank\"><img loading=\"lazy\" decoding=\"async\" class=\"alignright\" src=\"http:\/\/farm3.static.flickr.com\/2021\/2302262522_9fd0a1e694_m.jpg\" alt=\"Orkan Emma in AKK - 01.03.08\" width=\"240\" height=\"160\" align=\"right\" hspace=\"4\" vspace=\"4\" \/><\/a>Durchaus turbulenter ging es im Bereich des Paulusplatzes in Kastel zu. Durch den Sturm wurde die Dachfl\u00e4che eines Mehrfamilienhauses fast vollst\u00e4ndig in Mitleidenschaft gezogen. Auf einer Fl\u00e4che von ca. 100m\u00b2 riss der Wind die Dachpappe vom dem Dach. Teile davon hingen danach von oben herunter, klappten sich \u00fcber die Schornsteine oder flogen von oben herunter. Kr\u00e4fte der Berufsfeuerwehr und der Kameraden aus Kastel sicherten die losen Teile und sperrten den Bereich gro\u00dfr\u00e4umig ab, um eine weitere Gef\u00e4hrdung durch umherfliegende Dachteile zu vermeiden.<\/p>\n<p><a title=\"Orkan Emma in AKK - 01.03.08 von FF-Kostheim bei Flickr\" href=\"http:\/\/www.flickr.com\/photos\/ffkostheim\/sets\/72157604018106935\/\" target=\"_blank\"><img loading=\"lazy\" decoding=\"async\" class=\"alignleft\" src=\"http:\/\/farm4.static.flickr.com\/3254\/2302262372_a4b83863dc_m.jpg\" alt=\"Orkan Emma in AKK - 01.03.08\" width=\"240\" height=\"160\" align=\"left\" hspace=\"4\" vspace=\"4\" \/><\/a>Ebenfalls am Paulusplatz besch\u00e4digte ein umgefallener Baum zwei geparkte Fahrzeuge. Der Baum wurde mit der Kettens\u00e4ge zerkleinert und die besch\u00e4digten PKW\u00b4s \u201efreigelegt\u201c.<br \/>\nIm Laufe des Tages kam es noch zu weiteren kleineren Eins\u00e4tzen, die aber im Vergleich zum Dacheinsatz glimpflich waren.<\/p>\n","protected":false},"excerpt":{"rendered":"<p>Der schon im Vorfeld von den Meteorologen vorhergesagte Sturm EMMA, mit gro\u00dffl\u00e4chig auftretenden Orkanb\u00f6en, verschohnte den Ortsteil Kostheim weitgehenst. Bis auf wenige besch\u00e4digte B\u00e4ume waren sonst keine gr\u00f6\u00dferen Vorkommnisse zu verzeichnen.\u00a0<\/p>\n","protected":false},"author":1,"featured_media":0,"comment_status":"closed","ping_status":"open","sticky":false,"template":"","format":"standard","meta":{"_et_pb_use_builder":"","_et_pb_old_content":"","_et_gb_content_width":"","_crdt_document":"","footnotes":""},"categories":[1],"tags":[202,201,165],"class_list":["post-474","post","type-post","status-publish","format-standard","hentry","category-allgemein","tag-emma","tag-orkan","tag-schaden"],"_links":{"self":[{"href":"https:\/\/www.feuerwehrkostheim.de\/index.php?rest_route=\/wp\/v2\/posts\/474","targetHints":{"allow":["GET"]}}],"collection":[{"href":"https:\/\/www.feuerwehrkostheim.de\/index.php?rest_route=\/wp\/v2\/posts"}],"about":[{"href":"https:\/\/www.feuerwehrkostheim.de\/index.php?rest_route=\/wp\/v2\/types\/post"}],"author":[{"embeddable":true,"href":"https:\/\/www.feuerwehrkostheim.de\/index.php?rest_route=\/wp\/v2\/users\/1"}],"replies":[{"embeddable":true,"href":"https:\/\/www.feuerwehrkostheim.de\/index.php?rest_route=%2Fwp%2Fv2%2Fcomments&post=474"}],"version-history":[{"count":0,"href":"https:\/\/www.feuerwehrkostheim.de\/index.php?rest_route=\/wp\/v2\/posts\/474\/revisions"}],"wp:attachment":[{"href":"https:\/\/www.feuerwehrkostheim.de\/index.php?rest_route=%2Fwp%2Fv2%2Fmedia&parent=474"}],"wp:term":[{"taxonomy":"category","embeddable":true,"href":"https:\/\/www.feuerwehrkostheim.de\/index.php?rest_route=%2Fwp%2Fv2%2Fcategories&post=474"},{"taxonomy":"post_tag","embeddable":true,"href":"https:\/\/www.feuerwehrkostheim.de\/index.php?rest_route=%2Fwp%2Fv2%2Ftags&post=474"}],"curies":[{"name":"wp","href":"https:\/\/api.w.org\/{rel}","templated":true}]}}