{"id":4720,"date":"2018-08-07T16:47:57","date_gmt":"2018-08-07T14:47:57","guid":{"rendered":"https:\/\/www.feuerwehrkostheim.de\/?p=4720"},"modified":"2018-08-07T16:51:52","modified_gmt":"2018-08-07T14:51:52","slug":"wachbesetzung-wegen-grossfeuer-in-schierstein","status":"publish","type":"post","link":"https:\/\/www.feuerwehrkostheim.de\/?p=4720","title":{"rendered":"Wachbesetzung wegen Gro\u00dffeuer in Schierstein"},"content":{"rendered":"<p><img loading=\"lazy\" decoding=\"async\" class=\"alignleft\" title=\"Einsatz-Logo\" src=\"https:\/\/www.feuerwehrkostheim.de\/wp-content\/bilder\/sonstige\/logo_einsatz.jpg\" alt=\"Einsatz-Logo\" width=\"100\" height=\"100\" \/><strong>06. August 2018 &#8211; 19:29 Uhr<\/strong><br \/>\n<strong>Feuerwache 2<\/strong><br \/>\nFF-Einheit \/ Alarmgruppe mit FF-Kastel<br \/>\nEinsatz 74 &#8211; 2018<\/p>\n<p><a href=\"https:\/\/www.feuerwehrkostheim.de\/wp-content\/uploads\/2018\/08\/20180806_200947.jpg\"><img loading=\"lazy\" decoding=\"async\" class=\"alignright size-medium wp-image-4719\" style=\"border: 4px solid #D8D8D8;\" src=\"https:\/\/www.feuerwehrkostheim.de\/wp-content\/uploads\/2018\/08\/20180806_200947-300x225.jpg\" width=\"300\" height=\"225\" srcset=\"https:\/\/www.feuerwehrkostheim.de\/wp-content\/uploads\/2018\/08\/20180806_200947-300x225.jpg 300w, https:\/\/www.feuerwehrkostheim.de\/wp-content\/uploads\/2018\/08\/20180806_200947-768x576.jpg 768w, https:\/\/www.feuerwehrkostheim.de\/wp-content\/uploads\/2018\/08\/20180806_200947-1024x768.jpg 1024w\" sizes=\"(max-width: 300px) 100vw, 300px\" \/><\/a>Obwohl die Kostheimer Feuerwehr im Monat August nicht mehr f\u00fcr die Wachbesetzung vorgesehen ist, wurde sie am Montagabend dennoch hierzu alarmiert. Grund hierf\u00fcr war ein gr\u00f6\u00dferes Feuer im Bereich eines Lagerplatzes, der zur Baustelle der Schiersteiner Br\u00fccke geh\u00f6rte. Wie schon vergangene Woche machten sich kurz nach der Alarmierung alle drei Einsatzfahrzeuge auf den Weg zur Feuerwache 2. Bis die hauptamtlichen Kr\u00e4fte von ihrem Einsatz zur\u00fcckkehrten blieb es ruhig und man musste nicht ausr\u00fccken. Zwei Kameraden fuhren lediglich Einsatzmaterial und eine verletzte Taube auf die Feuerwache 1 in der Innenstadt. Nach knapp drei Stunden konnte die Wachbesetzung aufgehoben werden und man r\u00fcckte wieder ein.<br \/>\nDie Kasteler Feuerwehr war ebenfalls mit einem L\u00f6schfahrzeug an der Einsatzbereitschaft beteiligt.<\/p>\n","protected":false},"excerpt":{"rendered":"<p>06. August 2018 &#8211; 19:29 Uhr Feuerwache 2 FF-Einheit \/ Alarmgruppe mit FF-Kastel Einsatz 74 &#8211; 2018 Obwohl die Kostheimer Feuerwehr im Monat August nicht mehr f\u00fcr die Wachbesetzung vorgesehen ist, wurde sie am Montagabend dennoch hierzu alarmiert. Grund hierf\u00fcr war ein gr\u00f6\u00dferes Feuer im Bereich eines Lagerplatzes, der zur Baustelle der Schiersteiner Br\u00fccke geh\u00f6rte. [&hellip;]<\/p>\n","protected":false},"author":1,"featured_media":0,"comment_status":"closed","ping_status":"open","sticky":false,"template":"","format":"standard","meta":{"_et_pb_use_builder":"","_et_pb_old_content":"","_et_gb_content_width":"","_crdt_document":"","footnotes":""},"categories":[5],"tags":[110,50,242,243],"class_list":["post-4720","post","type-post","status-publish","format-standard","hentry","category-einsatze","tag-alarmgruppe","tag-brand","tag-feuerwache-2","tag-wachbesetzung"],"_links":{"self":[{"href":"https:\/\/www.feuerwehrkostheim.de\/index.php?rest_route=\/wp\/v2\/posts\/4720","targetHints":{"allow":["GET"]}}],"collection":[{"href":"https:\/\/www.feuerwehrkostheim.de\/index.php?rest_route=\/wp\/v2\/posts"}],"about":[{"href":"https:\/\/www.feuerwehrkostheim.de\/index.php?rest_route=\/wp\/v2\/types\/post"}],"author":[{"embeddable":true,"href":"https:\/\/www.feuerwehrkostheim.de\/index.php?rest_route=\/wp\/v2\/users\/1"}],"replies":[{"embeddable":true,"href":"https:\/\/www.feuerwehrkostheim.de\/index.php?rest_route=%2Fwp%2Fv2%2Fcomments&post=4720"}],"version-history":[{"count":0,"href":"https:\/\/www.feuerwehrkostheim.de\/index.php?rest_route=\/wp\/v2\/posts\/4720\/revisions"}],"wp:attachment":[{"href":"https:\/\/www.feuerwehrkostheim.de\/index.php?rest_route=%2Fwp%2Fv2%2Fmedia&parent=4720"}],"wp:term":[{"taxonomy":"category","embeddable":true,"href":"https:\/\/www.feuerwehrkostheim.de\/index.php?rest_route=%2Fwp%2Fv2%2Fcategories&post=4720"},{"taxonomy":"post_tag","embeddable":true,"href":"https:\/\/www.feuerwehrkostheim.de\/index.php?rest_route=%2Fwp%2Fv2%2Ftags&post=4720"}],"curies":[{"name":"wp","href":"https:\/\/api.w.org\/{rel}","templated":true}]}}