{"id":4655,"date":"2018-07-04T16:31:44","date_gmt":"2018-07-04T15:31:44","guid":{"rendered":"https:\/\/www.feuerwehrkostheim.de\/?p=4655"},"modified":"2018-07-04T19:57:53","modified_gmt":"2018-07-04T18:57:53","slug":"abgeerntetes-feld-geht-in-flammen-auf-ursache-war-unachtsames-hantieren-mit-feuer","status":"publish","type":"post","link":"https:\/\/www.feuerwehrkostheim.de\/?p=4655","title":{"rendered":"Abgeerntetes Feld geht in Flammen auf &#8211; Ursache war unachtsames Hantieren mit Feuer"},"content":{"rendered":"<p><img loading=\"lazy\" decoding=\"async\" class=\"alignleft\" title=\"Einsatz-Logo\" src=\"https:\/\/www.feuerwehrkostheim.de\/wp-content\/bilder\/sonstige\/logo_einsatz.jpg\" alt=\"Einsatz-Logo\" width=\"100\" height=\"100\" \/><strong>04. Juli 2018 &#8211; 11:06 Uhr<\/strong><br \/>\n<strong>Gemarkung F\u00e4hncheskreuz<\/strong><br \/>\nFF-Einheit \/ Alarmgruppe mit FF-Kastel<br \/>\nEinsatz 63 &#8211; 2018<\/p>\n<p><img decoding=\"async\" class=\"alignright size-medium\" style=\"border: 4px solid #D8D8D8;\" src=\"https:\/\/farm2.staticflickr.com\/1784\/43146492502_3138c052dc_n.jpg\" height=\"240\" \/>Nach zwei ruhigen und einsatzfreien Tagen, waren die Kameraden der Feuerwehr Kostheim am Mittwochvormittag erneut gefordert. Sie wurden zu einem gr\u00f6\u00dferen Brand in der Feldgemarkung des F\u00e4hncheskreuzes alarmiert, von wo aus Anrufer mehrere 1000 Quadratmeter brennenden Stoppelacker meldeten. Nach Eintreffen an der Einsatzstelle legte man das Augenmerk darauf, dass sich das Feuer nicht weiter ausbreiten konnte. Neben der Berufsfeuerwehr waren zudem noch Kameraden der Feuerwehren Kastel und Erbenheim eingebunden. Da keine stabile Wasserversorgung aus einem Hydranten aufgebaut werden konnte \u2013 weil die n\u00e4chste Wasserzapfstelle zu weit entfernt war \u2013 waren je zwei<\/p>\n<p><img decoding=\"async\" class=\"alignleft size-medium\" style=\"border: 4px solid #D8D8D8;\" src=\"https:\/\/farm1.staticflickr.com\/913\/42291916605_79a6e7f012_n.jpg\" height=\"240\" \/>Tank- und Gro\u00dftankl\u00f6schfahrzeuge nach Kostheim beordert worden um im Pendelverkehr f\u00fcr ausreichend Wasservorrat zu sorgen. Das Feuer breitete sich zudem, auch durch den Wind immer wieder angefacht, in Windeseile aus. Neben etwa 10.000 Quadratmeter fielen dem Feuer auch ein Gr\u00fcnstreifen samt Hochsitz, etwa 15 gepresste Strohballen sowie Teile eines Gartengrundst\u00fcckes zum Opfer. W\u00e4hrend man mit mehreren Strahlrohren das Bodenfeuer zumindest soweit eind\u00e4mmen konnte, dass es zu keiner weiteren Ausbreitung kam, waren Landwirte damit besch\u00e4ftigt, die Feuerwehr mit ihren Gro\u00dfger\u00e4ten zu unterst\u00fctzen. Hierzu positionierten sie die brennenden Strohballen auf ohnehin abgebrannten Feldbereichen um sie im weiteren Verlauf auseinanderzuziehen und kontrolliert abbrennen zu lassen.<\/p>\n<p><!--more--><img decoding=\"async\" class=\"alignright size-medium\" style=\"border: 4px solid #D8D8D8;\" src=\"https:\/\/farm2.staticflickr.com\/1830\/42291918295_c2496ef8ec_n.jpg\" height=\"240\" \/>F\u00fcr die Feuerwehren war der Einsatz nach etwa zwei Stunden beendet. Man \u00fcbergab die Einsatzstelle an den Landwirt und machte sich auf, die Fahrzeuge wieder mit frischem Material zu best\u00fccken.<\/p>\n<p>Die Ursache des Feuers war ersten Aussagen zufolge ein unachtsames Hantieren mit Feuer in einem an das Feld angrenzenden Garten. F\u00fcr einen Traktorfahrer wurde vorsorglich ein Rettungswagen angefordert. Er hat scheinbar etwas zu viel Rauch eingeatmet und klagte gegen Ende des Feuerwehreinsatzes \u00fcber Unwohlsein sowie \u00dcbelkeit.<\/p>\n<p>Die Kostheimer Feuerwehr war mit 14 Kameraden und zwei L\u00f6schfahrzeugen im Einsatz.<\/p>\n<p><em><strong>An dieser Stelle noch einmal der eindringliche Hinweis, dass &#8211; gerade bei der aktuell vorherrschenden Trockenheit &#8211;\u00a0 ein Hantieren mit offenem Feuer, schnell zu einem unkontrollierbaren Brand f\u00fchren kann!<\/strong><\/em><\/p>\n<p>[FAGP id=4656]<\/p>\n<p>&nbsp;<\/p>\n","protected":false},"excerpt":{"rendered":"<p>04. Juli 2018 &#8211; 11:06 Uhr Gemarkung F\u00e4hncheskreuz FF-Einheit \/ Alarmgruppe mit FF-Kastel Einsatz 63 &#8211; 2018 Nach zwei ruhigen und einsatzfreien Tagen, waren die Kameraden der Feuerwehr Kostheim am Mittwochvormittag erneut gefordert. Sie wurden zu einem gr\u00f6\u00dferen Brand in der Feldgemarkung des F\u00e4hncheskreuzes alarmiert, von wo aus Anrufer mehrere 1000 Quadratmeter brennenden Stoppelacker meldeten. [&hellip;]<\/p>\n","protected":false},"author":1,"featured_media":0,"comment_status":"closed","ping_status":"open","sticky":false,"template":"","format":"standard","meta":{"_et_pb_use_builder":"","_et_pb_old_content":"","_et_gb_content_width":"","_crdt_document":"","footnotes":""},"categories":[5],"tags":[50,30,31,28,863,1141],"class_list":["post-4655","post","type-post","status-publish","format-standard","hentry","category-einsatze","tag-brand","tag-feld","tag-feuer","tag-flachenbrand","tag-garten","tag-stoppelacker"],"_links":{"self":[{"href":"https:\/\/www.feuerwehrkostheim.de\/index.php?rest_route=\/wp\/v2\/posts\/4655","targetHints":{"allow":["GET"]}}],"collection":[{"href":"https:\/\/www.feuerwehrkostheim.de\/index.php?rest_route=\/wp\/v2\/posts"}],"about":[{"href":"https:\/\/www.feuerwehrkostheim.de\/index.php?rest_route=\/wp\/v2\/types\/post"}],"author":[{"embeddable":true,"href":"https:\/\/www.feuerwehrkostheim.de\/index.php?rest_route=\/wp\/v2\/users\/1"}],"replies":[{"embeddable":true,"href":"https:\/\/www.feuerwehrkostheim.de\/index.php?rest_route=%2Fwp%2Fv2%2Fcomments&post=4655"}],"version-history":[{"count":0,"href":"https:\/\/www.feuerwehrkostheim.de\/index.php?rest_route=\/wp\/v2\/posts\/4655\/revisions"}],"wp:attachment":[{"href":"https:\/\/www.feuerwehrkostheim.de\/index.php?rest_route=%2Fwp%2Fv2%2Fmedia&parent=4655"}],"wp:term":[{"taxonomy":"category","embeddable":true,"href":"https:\/\/www.feuerwehrkostheim.de\/index.php?rest_route=%2Fwp%2Fv2%2Fcategories&post=4655"},{"taxonomy":"post_tag","embeddable":true,"href":"https:\/\/www.feuerwehrkostheim.de\/index.php?rest_route=%2Fwp%2Fv2%2Ftags&post=4655"}],"curies":[{"name":"wp","href":"https:\/\/api.w.org\/{rel}","templated":true}]}}