{"id":4623,"date":"2018-06-26T18:22:03","date_gmt":"2018-06-26T17:22:03","guid":{"rendered":"https:\/\/www.feuerwehrkostheim.de\/?p=4623"},"modified":"2018-06-28T08:34:18","modified_gmt":"2018-06-28T07:34:18","slug":"naechtlicher-einsatz-auf-dem-rhein","status":"publish","type":"post","link":"https:\/\/www.feuerwehrkostheim.de\/?p=4623","title":{"rendered":"N\u00e4chtlicher Einsatz auf dem Rhein"},"content":{"rendered":"<p><img loading=\"lazy\" decoding=\"async\" class=\"alignleft\" title=\"Einsatz-Logo\" src=\"https:\/\/www.feuerwehrkostheim.de\/wp-content\/bilder\/sonstige\/logo_einsatz.jpg\" alt=\"Einsatz-Logo\" width=\"100\" height=\"100\" \/><strong>26. Juni 2018 &#8211; 01:40 Uhr<\/strong><br \/>\n<strong>Rhein &#8211; Ufer Mainz<\/strong><br \/>\nEinzelfahrzeugalarmierung<br \/>\nEinsatz 55 &#8211; 2018<\/p>\n<p>In der Nacht auf Dienstag wurden im Rhein treibende Personen in H\u00f6he des Mainzer Uferbereiches gemeldet, woraufhin Rettungskr\u00e4fte beider Landeshauptst\u00e4dte zur Hilfeleistung alarmiert und in Marsch gesetzt wurden. Gl\u00fccklicher Weise waren die ersten Mainzer Einsatzkr\u00e4fte sehr schnell vor Ort und konnten zwei Personen sicheren. Dadurch konnte der Einsatz f\u00fcr die Wiesbadener noch bevor der eigentliche Ungl\u00fccksort erreicht wurde, abgebrochen werden. Aus welchem Grund die Personen im Wasser waren konnte zuerst nicht bestimmt werden. Am Montagabend endete das traditionelle Mainzer Johannisfest, welches sich auch \u00fcber einen Gro\u00dfteil der Uferpromenade erstreckt.<\/p>\n","protected":false},"excerpt":{"rendered":"<p>26. Juni 2018 &#8211; 01:40 Uhr Rhein &#8211; Ufer Mainz Einzelfahrzeugalarmierung Einsatz 55 &#8211; 2018 In der Nacht auf Dienstag wurden im Rhein treibende Personen in H\u00f6he des Mainzer Uferbereiches gemeldet, woraufhin Rettungskr\u00e4fte beider Landeshauptst\u00e4dte zur Hilfeleistung alarmiert und in Marsch gesetzt wurden. Gl\u00fccklicher Weise waren die ersten Mainzer Einsatzkr\u00e4fte sehr schnell vor Ort und [&hellip;]<\/p>\n","protected":false},"author":1,"featured_media":0,"comment_status":"closed","ping_status":"open","sticky":false,"template":"","format":"standard","meta":{"_et_pb_use_builder":"","_et_pb_old_content":"","_et_gb_content_width":"","_crdt_document":"","footnotes":""},"categories":[5],"tags":[103,686,470,520,1019],"class_list":["post-4623","post","type-post","status-publish","format-standard","hentry","category-einsatze","tag-boot","tag-mzb","tag-person","tag-rhein","tag-wasserrettungseinsatz"],"_links":{"self":[{"href":"https:\/\/www.feuerwehrkostheim.de\/index.php?rest_route=\/wp\/v2\/posts\/4623","targetHints":{"allow":["GET"]}}],"collection":[{"href":"https:\/\/www.feuerwehrkostheim.de\/index.php?rest_route=\/wp\/v2\/posts"}],"about":[{"href":"https:\/\/www.feuerwehrkostheim.de\/index.php?rest_route=\/wp\/v2\/types\/post"}],"author":[{"embeddable":true,"href":"https:\/\/www.feuerwehrkostheim.de\/index.php?rest_route=\/wp\/v2\/users\/1"}],"replies":[{"embeddable":true,"href":"https:\/\/www.feuerwehrkostheim.de\/index.php?rest_route=%2Fwp%2Fv2%2Fcomments&post=4623"}],"version-history":[{"count":0,"href":"https:\/\/www.feuerwehrkostheim.de\/index.php?rest_route=\/wp\/v2\/posts\/4623\/revisions"}],"wp:attachment":[{"href":"https:\/\/www.feuerwehrkostheim.de\/index.php?rest_route=%2Fwp%2Fv2%2Fmedia&parent=4623"}],"wp:term":[{"taxonomy":"category","embeddable":true,"href":"https:\/\/www.feuerwehrkostheim.de\/index.php?rest_route=%2Fwp%2Fv2%2Fcategories&post=4623"},{"taxonomy":"post_tag","embeddable":true,"href":"https:\/\/www.feuerwehrkostheim.de\/index.php?rest_route=%2Fwp%2Fv2%2Ftags&post=4623"}],"curies":[{"name":"wp","href":"https:\/\/api.w.org\/{rel}","templated":true}]}}