{"id":460,"date":"2008-02-13T10:59:56","date_gmt":"2008-02-13T10:59:56","guid":{"rendered":"http:\/\/www.feuerwehrkostheim.de\/ffk\/?p=460"},"modified":"2018-06-02T14:08:38","modified_gmt":"2018-06-02T13:08:38","slug":"neuwahlen-bei-der-kostheimer-feuerwehr","status":"publish","type":"post","link":"https:\/\/www.feuerwehrkostheim.de\/?p=460","title":{"rendered":"Neuwahlen bei der Kostheimer Feuerwehr"},"content":{"rendered":"<p><img loading=\"lazy\" decoding=\"async\" style=\"margin: 5px;\" src=\"http:\/\/www.feuerwehrkostheim.de\/ffk\/wp-content\/bilder\/sonstige\/florian75.jpg\" alt=\"\" width=\"75\" height=\"90\" align=\"left\" hspace=\"4\" vspace=\"4\" \/>Im Ger\u00e4tehaus der Feuerwehr Kostheim fanden am Sonntag, den 10. Februar 2008, die Jahreshauptversammlung der Freiwilligen Feuerwehr Kostheim statt. Alter und neuer Wehrf\u00fchrer sowie erster Vorsitzender ist Thomas Stein. <!--more-->Des Weiteren wurden in ihrem Amt best\u00e4tigtbzw. neu gew\u00e4hlt: stellv. Wehrf\u00fchrer und zweiter Vorsitzender Torsten Krimmel, Beisitzer sind Gerd Jungblut, Bianca Stark, Andreas H\u00fcbel; Jugendfeuerwehrwart Michael Stark, Vertreter der Alters- und Ehrenabteilung Frank Krimmel. Im Vereinsvorstand wurde als Schriftf\u00fchrerin Rebecca Jungbluth und als Kassierer Christian Schmitt gew\u00e4hlt. Beisitzer sind Theo R\u00f6hrig, Sebastian Nett und Michael Stark. Im n\u00e4chsten Jahr wird die Kasse von den Kameraden Gottfried Geider, Klaus Lenz und Martin Reinheimer gepr\u00fcft. Im Rahmen der Versammlung wurden die Mitglieder Jakob Geider, Karl-Heinz Martin, Reinhold Zajonc und Jakob Hollerbach Aufgrund ihrer nun 50-j\u00e4hrigen Mitgleidschaft zu Ehrenmitgliedern ernannt.<\/p>\n<p>Im Gesch\u00e4ftsjahr 2007 wurden 30 Eins\u00e4tze mit 310 Stunden, 23 \u00dcbungen mit 1541 Stunden, 10 Unterrichtseinheiten mit 669 Stunden geleistet. Es fanden Brandschutzerziehungen sowie Fahrzeug- und Ger\u00e4tepflegen statt. Bei einer Mitgliederzahl von 220 leisten 32 Mitglieder in der Einsatzabteilung und 20 Mitglieder in der Jugendfeuerwehr ihren Dienst. Acht Mitglieder sind in der Ehren- und Altersabteilung und weitere acht Mitgleider sind im Moment in der Bambinifeuerwehr.<br \/>\nEs fanden zahlreiche Grundlehrg\u00e4nge sowie ein Gruppenf\u00fchrerlehrgang in Kassel statt. Alle Lehrg\u00e4nge wurden von den Teilnehmern erfolgreich abgeschlossen.<br \/>\nIm Jahr 2007 fanden auch Bef\u00f6rderungen statt: drei Oberfeuerwehrm\u00e4nner, eine Hauptfeuerwehrfrau und Hauptfeuerwehrmann, drei L\u00f6schmeister, ein Oberl\u00f6schmeister und ein Oberbrandmeister.<br \/>\nZur Zeit befinden sich im Fahrzeugbestand ein L\u00f6schgruppenfahrzeug 16\/12, ein L\u00f6schgruppenfahrzeug 16 TS, ein Mannschaftstransportfahrzeug, ein Mehrzweckboot und ein Anh\u00e4nger.<\/p>\n","protected":false},"excerpt":{"rendered":"<p>Im Ger\u00e4tehaus der Feuerwehr Kostheim fanden am Sonntag, den 10. Februar 2008, die Jahreshauptversammlung der Freiwilligen Feuerwehr Kostheim statt. Alter und neuer Wehrf\u00fchrer sowie erster Vorsitzender ist Thomas Stein.<\/p>\n","protected":false},"author":1,"featured_media":0,"comment_status":"closed","ping_status":"open","sticky":false,"template":"","format":"standard","meta":{"_et_pb_use_builder":"","_et_pb_old_content":"","_et_gb_content_width":"","_crdt_document":"","footnotes":""},"categories":[4,9,10],"tags":[191,193,192,194],"class_list":["post-460","post","type-post","status-publish","format-standard","hentry","category-einsatzabteilung","category-veranstaltungen","category-verein","tag-jahreshauptversammlung","tag-neuwahlen","tag-versammlung","tag-vorstand"],"_links":{"self":[{"href":"https:\/\/www.feuerwehrkostheim.de\/index.php?rest_route=\/wp\/v2\/posts\/460","targetHints":{"allow":["GET"]}}],"collection":[{"href":"https:\/\/www.feuerwehrkostheim.de\/index.php?rest_route=\/wp\/v2\/posts"}],"about":[{"href":"https:\/\/www.feuerwehrkostheim.de\/index.php?rest_route=\/wp\/v2\/types\/post"}],"author":[{"embeddable":true,"href":"https:\/\/www.feuerwehrkostheim.de\/index.php?rest_route=\/wp\/v2\/users\/1"}],"replies":[{"embeddable":true,"href":"https:\/\/www.feuerwehrkostheim.de\/index.php?rest_route=%2Fwp%2Fv2%2Fcomments&post=460"}],"version-history":[{"count":0,"href":"https:\/\/www.feuerwehrkostheim.de\/index.php?rest_route=\/wp\/v2\/posts\/460\/revisions"}],"wp:attachment":[{"href":"https:\/\/www.feuerwehrkostheim.de\/index.php?rest_route=%2Fwp%2Fv2%2Fmedia&parent=460"}],"wp:term":[{"taxonomy":"category","embeddable":true,"href":"https:\/\/www.feuerwehrkostheim.de\/index.php?rest_route=%2Fwp%2Fv2%2Fcategories&post=460"},{"taxonomy":"post_tag","embeddable":true,"href":"https:\/\/www.feuerwehrkostheim.de\/index.php?rest_route=%2Fwp%2Fv2%2Ftags&post=460"}],"curies":[{"name":"wp","href":"https:\/\/api.w.org\/{rel}","templated":true}]}}