{"id":4593,"date":"2018-06-11T16:22:02","date_gmt":"2018-06-11T15:22:02","guid":{"rendered":"https:\/\/www.feuerwehrkostheim.de\/?p=4593"},"modified":"2018-06-11T16:22:02","modified_gmt":"2018-06-11T15:22:02","slug":"freizeitfahrt-der-jugendfeuerwehr-nach-daleiden","status":"publish","type":"post","link":"https:\/\/www.feuerwehrkostheim.de\/?p=4593","title":{"rendered":"Freizeitfahrt der Jugendfeuerwehr nach Daleiden"},"content":{"rendered":"<p><img decoding=\"async\" class=\"size-medium alignright\" style=\"border: 4px solid #D8D8D8;\" src=\"https:\/\/farm2.staticflickr.com\/1726\/28862731348_0dcb13fa18_n.jpg\" height=\"213\" \/>Mit Beginn des Fronleichnamswochenendes stand auch das j\u00e4hrliche Highlight der Jugendfeuerwehr Kostheim bevor. Als das Gep\u00e4ck in den Fahrzeugen verstaut war, machte man sich zur diesj\u00e4hrigen Freizeitfahrt, in das 200 km entfernte Daleiden, in der Eifel auf. Nach 2,5 Stunden Fahrt war man an der Unterkunft angekommen. Zu diesem Zeitpunkt war ein weiteres Auto am Feuerwehrger\u00e4tehaus in Kostheim mit den Nachz\u00fcglern losgefahren. Nach 30 Minuten Fahrtzeit erfolgte jedoch der erste Zwangsstopp, da sich ein Unfall auf der Autobahn ereignete, bei dem die Nachz\u00fcgler als Ersthelfer t\u00e4tig wurden. Mit 20 Minuten Versp\u00e4tung erreichte dann auch das Letzte der drei Mannschaftstransportfahrzeuge, am fr\u00fchen Abend, das Ziel f\u00fcr die n\u00e4chsten f\u00fcnf Tage. Nach dem Verspeisen der selbst zubereiteten Hamburger, wurde das Lagerfeuer entz\u00fcndet. Die Lagerfeueratmosph\u00e4re w\u00e4hrte jedoch nicht lange, da durch ein aufziehendes Gewitter die Nachtruhe kurz nach Mitternacht eingel\u00e4utet wurde.<\/p>\n<p><!--more-->Mit dem morgendlichen Wecken und einem gemeinsamen Fr\u00fchst\u00fcck startete man in den ersten Tag. Dieser f\u00fchrte die Jugendlichen in das nahe gelegene Luxemburg. Dort besuchte man das Nationale Milit\u00e4rmuseum in Diekirch, in der eine Ausstellung vom zweiten Weltkrieg aufgebaut war. Anschlie\u00dfend erfolgte die Weiterfahrt ins Shopping Center nach Mersch, wo sich die Kinder und Jugendlichen in Kleingruppen frei bewegen und die vielen Gesch\u00e4fte und Shops durchst\u00f6bern konnten. Im Anschluss fuhr man gemeinsam zur Unterkunft zur\u00fcck. Auch in der n\u00e4chsten Nacht sollte sich dann das Gewitterszenario wiederholen.<\/p>\n<p><img decoding=\"async\" class=\"alignleft size-medium\" style=\"border: 4px solid #D8D8D8;\" src=\"https:\/\/farm2.staticflickr.com\/1760\/40925923710_391a6b6616_n.jpg\" height=\"240\" \/>Die Auswirkungen des Gewitters am n\u00e4chsten Morgen wurde den Betreuern bereits beim Br\u00f6tchen holen bewusst gemacht. Da angrenzende Ortschaften abgesoffen und teils stromlos waren, wurde man gefragt, ob man nicht in den umliegenden Orten unterst\u00fctzend t\u00e4tig werden wolle. Durch die Unmengen an Niederschlag in der Nacht waren kleine B\u00e4che \u00fcber die Ufer getreten und hatten die umliegenden Ortschaften unpassierbar gemacht. Um das Ausflugsziel in Strohn zu erreichen, musste man einen Umweg von 30 km \u00fcber Bitburg auf sich nehmen. Nach dem Besuch des Vulkanhauses fuhr man weiter nach Trier zum Bowling Room. Die Jugendlichen hatten dort die M\u00f6glichkeit sich beim Lasertag auszutoben; da es jedoch eine gesetzliche Altersbeschr\u00e4nkung gab, konnten die kleineren Jugendfeuerwehrmitglieder ihr K\u00f6nnen bei einer Partie Bowling unter Beweis stellen.<\/p>\n<p><img decoding=\"async\" class=\"alignright size-medium\" style=\"border: 4px solid #D8D8D8;\" src=\"https:\/\/farm2.staticflickr.com\/1749\/27867336287_28f785d390_n.jpg\" height=\"240\" \/>In der ersten Nacht ohne Gewitter nutzten dann auch die ersten Aktiven der Einsatzabteilung, kurz vor Sonnenaufgang, die M\u00f6glichkeit den Jugendlichen die gut bewachte Fahne zu entwenden. Dies wurde jedoch erfolgreich durch die Jugendlichen verhindert. Nach einer diesbez\u00fcglich kurzen Nacht erfolgte dann ein ausgiebiges Fr\u00fchst\u00fcck mit R\u00fchrei und Speck und man genoss, nach den ersten ereignisreichen Tagen, ein entspanntes Miteinander auf dem Unterkunftsgel\u00e4nde. Mit Wikinger-Schach, Karten spielen und dem gro\u00dffl\u00e4chigen Sammeln von Feuerholz f\u00fcr das Lagerfeuer, lie\u00df man den letzten Tag vor Ort ausklingen.<\/p>\n<p>Bevor die Heimreise angetreten wurde, genoss man noch ein letztes gemeinsames Fr\u00fchst\u00fcck und machte sich dann an das Packen der Fahrzeuge, um anschlie\u00dfend die R\u00fcckfahrt anzutreten. Als man gegen halb Drei am Kostheimer Ger\u00e4tehaus angekommen war, wurden die Fahrzeuge noch ausgeladen und gereinigt, bevor die Kinderschar von ihren Eltern in Empfang genommen werden konnte.<\/p>\n<p>Zum guten Schluss der diesj\u00e4hrigen Freizeitfahrt d\u00fcrfen wir drei unserer Jugendlichen ab sofort in die Einsatzabteilung verabschieden. Wir w\u00fcnschen ihnen viel Erfolg und hoffen, dass sie stets ihr erlerntes Wissen anwenden und weiter ausbauen k\u00f6nnen.<\/p>\n<p>[FAGP id=4592]<\/p>\n","protected":false},"excerpt":{"rendered":"<p>Mit Beginn des Fronleichnamswochenendes stand auch das j\u00e4hrliche Highlight der Jugendfeuerwehr Kostheim bevor. Als das Gep\u00e4ck in den Fahrzeugen verstaut war, machte man sich zur diesj\u00e4hrigen Freizeitfahrt, in das 200 km entfernte Daleiden, in der Eifel auf. Nach 2,5 Stunden Fahrt war man an der Unterkunft angekommen. Zu diesem Zeitpunkt war ein weiteres Auto am [&hellip;]<\/p>\n","protected":false},"author":1,"featured_media":0,"comment_status":"closed","ping_status":"open","sticky":false,"template":"","format":"standard","meta":{"_et_pb_use_builder":"","_et_pb_old_content":"","_et_gb_content_width":"","_crdt_document":"","footnotes":""},"categories":[7],"tags":[739,828],"class_list":["post-4593","post","type-post","status-publish","format-standard","hentry","category-jugendfeuerwehr","tag-freizeitfahrt","tag-jugendfeuerwehr"],"_links":{"self":[{"href":"https:\/\/www.feuerwehrkostheim.de\/index.php?rest_route=\/wp\/v2\/posts\/4593","targetHints":{"allow":["GET"]}}],"collection":[{"href":"https:\/\/www.feuerwehrkostheim.de\/index.php?rest_route=\/wp\/v2\/posts"}],"about":[{"href":"https:\/\/www.feuerwehrkostheim.de\/index.php?rest_route=\/wp\/v2\/types\/post"}],"author":[{"embeddable":true,"href":"https:\/\/www.feuerwehrkostheim.de\/index.php?rest_route=\/wp\/v2\/users\/1"}],"replies":[{"embeddable":true,"href":"https:\/\/www.feuerwehrkostheim.de\/index.php?rest_route=%2Fwp%2Fv2%2Fcomments&post=4593"}],"version-history":[{"count":0,"href":"https:\/\/www.feuerwehrkostheim.de\/index.php?rest_route=\/wp\/v2\/posts\/4593\/revisions"}],"wp:attachment":[{"href":"https:\/\/www.feuerwehrkostheim.de\/index.php?rest_route=%2Fwp%2Fv2%2Fmedia&parent=4593"}],"wp:term":[{"taxonomy":"category","embeddable":true,"href":"https:\/\/www.feuerwehrkostheim.de\/index.php?rest_route=%2Fwp%2Fv2%2Fcategories&post=4593"},{"taxonomy":"post_tag","embeddable":true,"href":"https:\/\/www.feuerwehrkostheim.de\/index.php?rest_route=%2Fwp%2Fv2%2Ftags&post=4593"}],"curies":[{"name":"wp","href":"https:\/\/api.w.org\/{rel}","templated":true}]}}