{"id":4355,"date":"2018-04-26T13:16:38","date_gmt":"2018-04-26T12:16:38","guid":{"rendered":"http:\/\/www.feuerwehrkostheim.de\/?p=4355"},"modified":"2018-06-02T14:03:25","modified_gmt":"2018-06-02T13:03:25","slug":"person-will-von-der-bruecke-in-den-rhein-springen","status":"publish","type":"post","link":"https:\/\/www.feuerwehrkostheim.de\/?p=4355","title":{"rendered":"Person will von der Br\u00fccke in den Rhein springen"},"content":{"rendered":"<p><img loading=\"lazy\" decoding=\"async\" class=\"alignleft\" title=\"Einsatz-Logo\" src=\"http:\/\/www.feuerwehrkostheim.de\/wp-content\/bilder\/sonstige\/logo_einsatz.jpg\" alt=\"Einsatz-Logo\" width=\"100\" height=\"100\" \/><strong>25. April 2018 &#8211; 23:02 Uhr<\/strong><br \/>\n<strong>Rhein \/ Theodor-Heuss-Br\u00fccke<\/strong><br \/>\nEinzelfahrzeugalarmierung<br \/>\nEinsatz 38 &#8211; 2018<\/p>\n<p>Ein Gro\u00dfaufgebot an Rettungskr\u00e4ften waren am sp\u00e4ten Mittwochabend alarmiert worden, da eine Person auf der Theodor-Heuss-Br\u00fccke \u00fcber das Gel\u00e4nder stieg und mit der Absicht spielte, sich ins Wasser fallen zu lassen. Neben den Einheiten die zum Wasserrettungskonzept beider Landeshauptst\u00e4dte geh\u00f6ren, war auch ein Polizeihubschrauber im Einsatz.<\/p>\n<p>W\u00e4hrend auf der Br\u00fccke versucht wurde die Person in ein Gespr\u00e4ch einzubinden und sie dazu zu bewegen, wieder zur\u00fcck auf den sichere Seite des Gel\u00e4nders zu steigen, blieben die Boote \u2013 darunter auch das Kostheimer MZB \u2013 in sicherer Distanz zum Geschehen. Auch die Kr\u00e4fte an Land blieben etwas abgesetzt von der eigentlichen Einsatzstelle, sodass keine unn\u00f6tige Unruhe auf der Br\u00fccke entstehen konnte. Nach etwa einer halben Stunde gelang es, die Person zu sichern.\u00a0 Daraufhin konnten die Kr\u00e4fte zu Land, zu Wasser und der Luft von Feuerwehr, Polizei, Rettungsdienst und DLRG den Einsatz beenden.<\/p>\n<p>\u00dcber die genaueren Hintergr\u00fcnde\u00a0 konnten zum Zeitpunkt des Einsatzes keine Angaben gemacht werden.<\/p>\n","protected":false},"excerpt":{"rendered":"<p>25. April 2018 &#8211; 23:02 Uhr Rhein \/ Theodor-Heuss-Br\u00fccke Einzelfahrzeugalarmierung Einsatz 38 &#8211; 2018 Ein Gro\u00dfaufgebot an Rettungskr\u00e4ften waren am sp\u00e4ten Mittwochabend alarmiert worden, da eine Person auf der Theodor-Heuss-Br\u00fccke \u00fcber das Gel\u00e4nder stieg und mit der Absicht spielte, sich ins Wasser fallen zu lassen. Neben den Einheiten die zum Wasserrettungskonzept beider Landeshauptst\u00e4dte geh\u00f6ren, war [&hellip;]<\/p>\n","protected":false},"author":1,"featured_media":0,"comment_status":"closed","ping_status":"open","sticky":false,"template":"","format":"standard","meta":{"_et_pb_use_builder":"","_et_pb_old_content":"","_et_gb_content_width":"","_crdt_document":"","footnotes":""},"categories":[5],"tags":[103,702,686,1028,1118,1019],"class_list":["post-4355","post","type-post","status-publish","format-standard","hentry","category-einsatze","tag-boot","tag-bruecke","tag-mzb","tag-sprungversuch","tag-th","tag-wasserrettungseinsatz"],"_links":{"self":[{"href":"https:\/\/www.feuerwehrkostheim.de\/index.php?rest_route=\/wp\/v2\/posts\/4355","targetHints":{"allow":["GET"]}}],"collection":[{"href":"https:\/\/www.feuerwehrkostheim.de\/index.php?rest_route=\/wp\/v2\/posts"}],"about":[{"href":"https:\/\/www.feuerwehrkostheim.de\/index.php?rest_route=\/wp\/v2\/types\/post"}],"author":[{"embeddable":true,"href":"https:\/\/www.feuerwehrkostheim.de\/index.php?rest_route=\/wp\/v2\/users\/1"}],"replies":[{"embeddable":true,"href":"https:\/\/www.feuerwehrkostheim.de\/index.php?rest_route=%2Fwp%2Fv2%2Fcomments&post=4355"}],"version-history":[{"count":0,"href":"https:\/\/www.feuerwehrkostheim.de\/index.php?rest_route=\/wp\/v2\/posts\/4355\/revisions"}],"wp:attachment":[{"href":"https:\/\/www.feuerwehrkostheim.de\/index.php?rest_route=%2Fwp%2Fv2%2Fmedia&parent=4355"}],"wp:term":[{"taxonomy":"category","embeddable":true,"href":"https:\/\/www.feuerwehrkostheim.de\/index.php?rest_route=%2Fwp%2Fv2%2Fcategories&post=4355"},{"taxonomy":"post_tag","embeddable":true,"href":"https:\/\/www.feuerwehrkostheim.de\/index.php?rest_route=%2Fwp%2Fv2%2Ftags&post=4355"}],"curies":[{"name":"wp","href":"https:\/\/api.w.org\/{rel}","templated":true}]}}