{"id":4323,"date":"2018-03-31T08:31:04","date_gmt":"2018-03-31T07:31:04","guid":{"rendered":"http:\/\/www.feuerwehrkostheim.de\/?p=4323"},"modified":"2018-06-02T14:03:26","modified_gmt":"2018-06-02T13:03:26","slug":"transporterunfall-sorgt-fuer-eine-spur-der-verwuestung-fahrer-schwer-verletzt","status":"publish","type":"post","link":"https:\/\/www.feuerwehrkostheim.de\/?p=4323","title":{"rendered":"Transporterunfall sorgt f\u00fcr eine Spur der Verw\u00fcstung &#8211; Fahrer schwer verletzt"},"content":{"rendered":"<p><img loading=\"lazy\" decoding=\"async\" class=\"alignleft\" title=\"Einsatz-Logo\" src=\"http:\/\/www.feuerwehrkostheim.de\/wp-content\/bilder\/sonstige\/logo_einsatz.jpg\" alt=\"Einsatz-Logo\" width=\"100\" height=\"100\" \/><strong>31. M\u00e4rz 2018 &#8211; 02:29 Uhr<\/strong><br \/>\n<strong>Uthmannstra\u00dfe<\/strong><br \/>\nEinzelfahrzeugalarmierung<br \/>\nEinsatz 31 &#8211; 2018<\/p>\n<p><img loading=\"lazy\" decoding=\"async\" class=\"alignright size-medium\" style=\"border: 4px solid #D8D8D8;\" src=\"https:\/\/farm1.staticflickr.com\/812\/40418886454_857652ef2c_n.jpg\" width=\"320\" height=\"240\" \/>Einen f\u00fcr die \u00d6rtlichkeit eher au\u00dfergew\u00f6hnlichen Verkehrsunfall mussten Berufsfeuerwehr sowie die Freiwillige Feuerwehr Kostheim am fr\u00fchen Samstagmorgen abarbeiten. Nach der Alarmierung gegen 2:30 Uhr steuerten die Einheiten zusammen mit Rettungswagen und Notarzt die Einsatzstelle in der Uthmannstra\u00dfe an. Da anfangs nicht ausgeschlossen werden konnte, dass noch Personen eingeklemmt sind, war zudem noch der Abrollbeh\u00e4lter \u201eVerkehrsunfall\u201c in Marsch gesetzt worden.<\/p>\n<p><img loading=\"lazy\" decoding=\"async\" class=\"alignleft size-medium\" style=\"border: 4px solid #D8D8D8;\" src=\"https:\/\/farm1.staticflickr.com\/801\/39321116250_7278bc87f6_n.jpg\" width=\"320\" height=\"240\" \/>Am Unfallort angekommen, bot sich den Einsatzkr\u00e4ften ein Bild der Verw\u00fcstung. Ein Kleintransporter, aus Richtung Boelckestra\u00dfe kommend, ist im Kreuzungsbereich Uthmannstra\u00dfe \/ Zelterstra\u00dfe nach links von der Fahrbahn abgekommen, \u00fcberfuhr eine Verkehrsinsel, f\u00e4llte dabei regelrecht einen dort stehenden Baum, durchbrach einen massiven Gartenzaun an der gegen\u00fcberliegenden Fahrbahn und kam erst im dicken Ge\u00e4st der Grundst\u00fccksbepflanzung zum Stehen.<\/p>\n<p><!--more-->Der Fahrer wurde schwerstverletzt zwischen Fahrzeug und umgefahrenen Zaun vorgefunden und umgehend aus seiner misslichen Lage gerettet. Mit hydraulischem Rettungsger\u00e4t verschafften die Einsatzkr\u00e4fte sich ausreichend Platz und trennten Teile des Zauns ab um einen gr\u00f6\u00dferen Arbeitsradius zu erhalten. Nachdem der Patient im Rettungswagen zum Transport stabilisiert werden konnte, fuhr man ihn umgehend in die Mainzer Uni-Klinik.<\/p>\n<p><img loading=\"lazy\" decoding=\"async\" class=\"size-medium alignright\" style=\"border: 4px solid #D8D8D8;\" src=\"https:\/\/farm1.staticflickr.com\/798\/41129908761_baa5a7f6bd_n.jpg\" width=\"320\" height=\"240\" \/>Aufgrund der lebensbedrohlichen Verletzungen forderte die Polizei einen Unfallanalytiker an, der erst seine Unfallaufnahme abschlie\u00dfen musste, bevor die Bergung des verunfallten Fahrzeuges sowie die Beseitigung des auf der Fahrbahn liegenden Baumes erfolgen konnte. Zudem waren im gr\u00f6\u00dferen Umfeld rund um die Unfallstelle Glassplitter und weitere Teile des Transporters verstreut.<\/p>\n<p>Knapp vier Stunden nach Alarmierung waren alle Arbeiten abgeschlossen und die Stra\u00dfe konnte wieder frei gegeben werden. Sie war bis zu diesem Zeitpunkt im Unfallbereich voll gesperrt. Die genauen Umst\u00e4nde, die zum Unfall gef\u00fchrt haben, m\u00fcssen von der Unfallanalytik ermittelt werden.<\/p>\n<p>[FAGP id=4322]<\/p>\n","protected":false},"excerpt":{"rendered":"<p>31. M\u00e4rz 2018 &#8211; 02:29 Uhr Uthmannstra\u00dfe Einzelfahrzeugalarmierung Einsatz 31 &#8211; 2018 Einen f\u00fcr die \u00d6rtlichkeit eher au\u00dfergew\u00f6hnlichen Verkehrsunfall mussten Berufsfeuerwehr sowie die Freiwillige Feuerwehr Kostheim am fr\u00fchen Samstagmorgen abarbeiten. Nach der Alarmierung gegen 2:30 Uhr steuerten die Einheiten zusammen mit Rettungswagen und Notarzt die Einsatzstelle in der Uthmannstra\u00dfe an. Da anfangs nicht ausgeschlossen werden [&hellip;]<\/p>\n","protected":false},"author":1,"featured_media":0,"comment_status":"closed","ping_status":"open","sticky":false,"template":"","format":"standard","meta":{"_et_pb_use_builder":"","_et_pb_old_content":"","_et_gb_content_width":"","_crdt_document":"","footnotes":""},"categories":[5],"tags":[1114,76,71,845],"class_list":["post-4323","post","type-post","status-publish","format-standard","hentry","category-einsatze","tag-transporter","tag-unfall","tag-verkehrsunfall","tag-verletzter"],"_links":{"self":[{"href":"https:\/\/www.feuerwehrkostheim.de\/index.php?rest_route=\/wp\/v2\/posts\/4323","targetHints":{"allow":["GET"]}}],"collection":[{"href":"https:\/\/www.feuerwehrkostheim.de\/index.php?rest_route=\/wp\/v2\/posts"}],"about":[{"href":"https:\/\/www.feuerwehrkostheim.de\/index.php?rest_route=\/wp\/v2\/types\/post"}],"author":[{"embeddable":true,"href":"https:\/\/www.feuerwehrkostheim.de\/index.php?rest_route=\/wp\/v2\/users\/1"}],"replies":[{"embeddable":true,"href":"https:\/\/www.feuerwehrkostheim.de\/index.php?rest_route=%2Fwp%2Fv2%2Fcomments&post=4323"}],"version-history":[{"count":0,"href":"https:\/\/www.feuerwehrkostheim.de\/index.php?rest_route=\/wp\/v2\/posts\/4323\/revisions"}],"wp:attachment":[{"href":"https:\/\/www.feuerwehrkostheim.de\/index.php?rest_route=%2Fwp%2Fv2%2Fmedia&parent=4323"}],"wp:term":[{"taxonomy":"category","embeddable":true,"href":"https:\/\/www.feuerwehrkostheim.de\/index.php?rest_route=%2Fwp%2Fv2%2Fcategories&post=4323"},{"taxonomy":"post_tag","embeddable":true,"href":"https:\/\/www.feuerwehrkostheim.de\/index.php?rest_route=%2Fwp%2Fv2%2Ftags&post=4323"}],"curies":[{"name":"wp","href":"https:\/\/api.w.org\/{rel}","templated":true}]}}