{"id":4316,"date":"2018-03-26T18:49:46","date_gmt":"2018-03-26T17:49:46","guid":{"rendered":"http:\/\/www.feuerwehrkostheim.de\/?p=4316"},"modified":"2018-06-02T14:03:26","modified_gmt":"2018-06-02T13:03:26","slug":"errichtung-eines-zentralen-hochwasserschutzlagers","status":"publish","type":"post","link":"https:\/\/www.feuerwehrkostheim.de\/?p=4316","title":{"rendered":"Errichtung eines zentralen Hochwasserschutzlagers"},"content":{"rendered":"<p><img loading=\"lazy\" decoding=\"async\" class=\"alignleft\" title=\"Einsatz-Logo\" src=\"http:\/\/www.feuerwehrkostheim.de\/wp-content\/bilder\/sonstige\/logo_einsatz.jpg\" alt=\"Einsatz-Logo\" width=\"100\" height=\"100\" \/><strong>24. M\u00e4rz 2018 &#8211; 08:30 Uhr<\/strong><br \/>\n<strong>Feuerwache 2 &#8211; Ludwig-Wolker-Stra\u00dfe<\/strong><br \/>\nFF-Einheit<br \/>\nEinsatz 29 &#8211; 2018<\/p>\n<p><img loading=\"lazy\" decoding=\"async\" class=\"alignright size-medium\" style=\"border: 4px solid #D8D8D8;\" src=\"https:\/\/farm1.staticflickr.com\/792\/41004949001_de886bbfc7_n.jpg\" width=\"320\" height=\"240\" \/>Einen Einsatz der etwas anderen Art hatte die Kostheimer Feuerwehr am letzten M\u00e4rzsamstag zu absolvieren. Es handelte sich um einen regelrechten Arbeitseinsatz, der entgegen der \u00fcblichen Eins\u00e4tze im Vorfeld geplant und gezielt abgearbeitet werden konnte. Zusammen mit Kameraden aus Schierstein und Kastel unterst\u00fctze man die Kollegen der Berufsfeuerwehr dabei, die auf mehrere \u00d6rtlichkeiten verteilten L\u00e4ger des Hochwasserschutzmaterials an einer zentralen Stelle zusammenzufassen. Hierzu wurden neben den Hochwasserschutzw\u00e4nden auch Sands\u00e4cke, die Sandsackf\u00fcllmaschine und weitere f\u00fcr den Hochwasserschutz bestimmten Dinge, in einer Halle des st\u00e4dtischen Bauhofes in der Ludwig-Wolker-Stra\u00dfe in Kastel eingelagert.<br \/>\n<!--more-->F\u00fcr die Kostheimer Feuerwehr, die mit insgesamt 11 Kameradinnen und Kameraden bei dem \u201eUmzug\u201c beteiligt war, waren die Arbeiten nach etwa sieben Stunden beendet.<\/p>\n<p>[FAGP id=4315]<\/p>\n","protected":false},"excerpt":{"rendered":"<p>24. M\u00e4rz 2018 &#8211; 08:30 Uhr Feuerwache 2 &#8211; Ludwig-Wolker-Stra\u00dfe FF-Einheit Einsatz 29 &#8211; 2018 Einen Einsatz der etwas anderen Art hatte die Kostheimer Feuerwehr am letzten M\u00e4rzsamstag zu absolvieren. Es handelte sich um einen regelrechten Arbeitseinsatz, der entgegen der \u00fcblichen Eins\u00e4tze im Vorfeld geplant und gezielt abgearbeitet werden konnte. Zusammen mit Kameraden aus Schierstein [&hellip;]<\/p>\n","protected":false},"author":1,"featured_media":0,"comment_status":"closed","ping_status":"open","sticky":false,"template":"","format":"standard","meta":{"_et_pb_use_builder":"","_et_pb_old_content":"","_et_gb_content_width":"","_crdt_document":"","footnotes":""},"categories":[4,5],"tags":[398,1084,222,1109,407,641],"class_list":["post-4316","post","type-post","status-publish","format-standard","hentry","category-einsatzabteilung","category-einsatze","tag-hochwasserschutz","tag-hochwasserschutzwaende","tag-kastel","tag-lager","tag-sandsacke","tag-spundwande"],"_links":{"self":[{"href":"https:\/\/www.feuerwehrkostheim.de\/index.php?rest_route=\/wp\/v2\/posts\/4316","targetHints":{"allow":["GET"]}}],"collection":[{"href":"https:\/\/www.feuerwehrkostheim.de\/index.php?rest_route=\/wp\/v2\/posts"}],"about":[{"href":"https:\/\/www.feuerwehrkostheim.de\/index.php?rest_route=\/wp\/v2\/types\/post"}],"author":[{"embeddable":true,"href":"https:\/\/www.feuerwehrkostheim.de\/index.php?rest_route=\/wp\/v2\/users\/1"}],"replies":[{"embeddable":true,"href":"https:\/\/www.feuerwehrkostheim.de\/index.php?rest_route=%2Fwp%2Fv2%2Fcomments&post=4316"}],"version-history":[{"count":0,"href":"https:\/\/www.feuerwehrkostheim.de\/index.php?rest_route=\/wp\/v2\/posts\/4316\/revisions"}],"wp:attachment":[{"href":"https:\/\/www.feuerwehrkostheim.de\/index.php?rest_route=%2Fwp%2Fv2%2Fmedia&parent=4316"}],"wp:term":[{"taxonomy":"category","embeddable":true,"href":"https:\/\/www.feuerwehrkostheim.de\/index.php?rest_route=%2Fwp%2Fv2%2Fcategories&post=4316"},{"taxonomy":"post_tag","embeddable":true,"href":"https:\/\/www.feuerwehrkostheim.de\/index.php?rest_route=%2Fwp%2Fv2%2Ftags&post=4316"}],"curies":[{"name":"wp","href":"https:\/\/api.w.org\/{rel}","templated":true}]}}