{"id":4299,"date":"2018-03-14T19:21:53","date_gmt":"2018-03-14T18:21:53","guid":{"rendered":"http:\/\/www.feuerwehrkostheim.de\/?p=4299"},"modified":"2018-06-02T14:03:26","modified_gmt":"2018-06-02T13:03:26","slug":"2-vorsitzender-des-maennergesangvereins-uebergibt-spendenhelm","status":"publish","type":"post","link":"https:\/\/www.feuerwehrkostheim.de\/?p=4299","title":{"rendered":"Zweiter Vorsitzender des M\u00e4nnergesangvereins \u00fcbergibt Spendenhelm"},"content":{"rendered":"<p><a href=\"http:\/\/www.feuerwehrkostheim.de\/wp-content\/uploads\/2018\/03\/MST_7956-5.jpg\"><img loading=\"lazy\" decoding=\"async\" class=\"alignright size-medium wp-image-4300\" style=\"border: 4px solid #D8D8D8;\" src=\"http:\/\/www.feuerwehrkostheim.de\/wp-content\/uploads\/2018\/03\/MST_7956-5-300x199.jpg\" alt=\"\" width=\"300\" height=\"199\" srcset=\"https:\/\/www.feuerwehrkostheim.de\/wp-content\/uploads\/2018\/03\/MST_7956-5-300x199.jpg 300w, https:\/\/www.feuerwehrkostheim.de\/wp-content\/uploads\/2018\/03\/MST_7956-5-768x509.jpg 768w, https:\/\/www.feuerwehrkostheim.de\/wp-content\/uploads\/2018\/03\/MST_7956-5-1024x678.jpg 1024w\" sizes=\"(max-width: 300px) 100vw, 300px\" \/><\/a>Insgesamt 416,30 Euro konnte der zweite Vorsitzende des MGV Kostheim 1844 J\u00fcrgen Zentgraf den Jugendlichen der Kostheimer Feuerwehr nun \u00fcbergeben. Es handelte sich um Geld, das die Besucherinnen und Besucher des traditionsreichen Kateressens des MGV zum diesj\u00e4hrigen Kampagnenabschluss an Aschermittwoch im Kostheimer B\u00fcrgerhaus f\u00fcr die Jungblaur\u00f6cke sammelten. \u201eEs war uns ein besonderes Anliegen f\u00fcr die Nachwuchsabteilung der Feuerwehr zu sammeln, nachdem unser Heringsessen in diesem Jahr erstmals im B\u00fcrgerhaus stattfand\u201c, so Zentgraf. Der MGV hatte in der Vergangenheit sein Kateressen in den R\u00e4umlichkeiten der Feuerwehr ausgerichtet, musste aus Kapazit\u00e4tsgr\u00fcnden nun aber in das gr\u00f6\u00dfere B\u00fcrgerhaus wechseln. Die Jugendlichen bedankten sich f\u00fcr die gro\u00dfz\u00fcgige Spende und k\u00fcndigten an, das Geld f\u00fcr die diesj\u00e4hrige Freizeitfahrt zu verwenden.<\/p>\n","protected":false},"excerpt":{"rendered":"<p>Insgesamt 416,30 Euro konnte der zweite Vorsitzende des MGV Kostheim 1844 J\u00fcrgen Zentgraf den Jugendlichen der Kostheimer Feuerwehr nun \u00fcbergeben. Es handelte sich um Geld, das die Besucherinnen und Besucher des traditionsreichen Kateressens des MGV zum diesj\u00e4hrigen Kampagnenabschluss an Aschermittwoch im Kostheimer B\u00fcrgerhaus f\u00fcr die Jungblaur\u00f6cke sammelten. \u201eEs war uns ein besonderes Anliegen f\u00fcr die [&hellip;]<\/p>\n","protected":false},"author":2,"featured_media":0,"comment_status":"closed","ping_status":"open","sticky":false,"template":"","format":"standard","meta":{"_et_pb_use_builder":"","_et_pb_old_content":"","_et_gb_content_width":"","_crdt_document":"","footnotes":""},"categories":[7],"tags":[1104,278],"class_list":["post-4299","post","type-post","status-publish","format-standard","hentry","category-jugendfeuerwehr","tag-maennergesangverein","tag-spende"],"_links":{"self":[{"href":"https:\/\/www.feuerwehrkostheim.de\/index.php?rest_route=\/wp\/v2\/posts\/4299","targetHints":{"allow":["GET"]}}],"collection":[{"href":"https:\/\/www.feuerwehrkostheim.de\/index.php?rest_route=\/wp\/v2\/posts"}],"about":[{"href":"https:\/\/www.feuerwehrkostheim.de\/index.php?rest_route=\/wp\/v2\/types\/post"}],"author":[{"embeddable":true,"href":"https:\/\/www.feuerwehrkostheim.de\/index.php?rest_route=\/wp\/v2\/users\/2"}],"replies":[{"embeddable":true,"href":"https:\/\/www.feuerwehrkostheim.de\/index.php?rest_route=%2Fwp%2Fv2%2Fcomments&post=4299"}],"version-history":[{"count":0,"href":"https:\/\/www.feuerwehrkostheim.de\/index.php?rest_route=\/wp\/v2\/posts\/4299\/revisions"}],"wp:attachment":[{"href":"https:\/\/www.feuerwehrkostheim.de\/index.php?rest_route=%2Fwp%2Fv2%2Fmedia&parent=4299"}],"wp:term":[{"taxonomy":"category","embeddable":true,"href":"https:\/\/www.feuerwehrkostheim.de\/index.php?rest_route=%2Fwp%2Fv2%2Fcategories&post=4299"},{"taxonomy":"post_tag","embeddable":true,"href":"https:\/\/www.feuerwehrkostheim.de\/index.php?rest_route=%2Fwp%2Fv2%2Ftags&post=4299"}],"curies":[{"name":"wp","href":"https:\/\/api.w.org\/{rel}","templated":true}]}}