{"id":4286,"date":"2018-03-12T11:30:50","date_gmt":"2018-03-12T10:30:50","guid":{"rendered":"http:\/\/www.feuerwehrkostheim.de\/?p=4286"},"modified":"2018-06-02T14:03:26","modified_gmt":"2018-06-02T13:03:26","slug":"torsten-krimmel-verabschiedet-kostheimer-feuerwehr-waehlt-neue-wehrleitung","status":"publish","type":"post","link":"https:\/\/www.feuerwehrkostheim.de\/?p=4286","title":{"rendered":"Torsten Krimmel verabschiedet \u2013 Kostheimer Feuerwehr w\u00e4hlt neue Wehrleitung"},"content":{"rendered":"<p><img loading=\"lazy\" decoding=\"async\" class=\"alignright size-medium\" style=\"border: 4px solid #D8D8D8;\" src=\"https:\/\/farm5.staticflickr.com\/4782\/40792337871_0d8620c7be_n.jpg\" width=\"320\" height=\"211\" \/>Eine besondere Jahreshauptversammlung erlebten die anwesenden 32 Kameradinnen und Kameraden der Freiwilligen Feuerwehr Kostheim am vergangenen Sonntag im Lehrsaal ihres Feuerwehrger\u00e4tehauses. Zahlreiche Ehreng\u00e4ste waren erschienen, um den bisherigen Wehrf\u00fchrer Torsten Krimmel geb\u00fchrend aus seinem Amt zu verabschieden.<\/p>\n<p>Torsten Krimmel, der bereits 2003 zum stellvertretenden Wehrleiter gew\u00e4hlt worden war und das Amt des Wehrf\u00fchrers im Jahr 2014 von Thomas Stein \u00fcbernahm, als dieser Stadtbrandinspektor Wiesbadens wurde, hatte bereits fr\u00fchzeitig angek\u00fcndigt, im Rahmen der anstehenden turnusgem\u00e4\u00dfen Neuwahlen nicht erneut f\u00fcr das Amt des Wehrf\u00fchrers zu kandidieren.<\/p>\n<p>Stadtrat Rainer Schuster und der Kostheimer Ortsvorsteher Stephan Lauer w\u00fcrdigten in ihren Gru\u00dfworten das langj\u00e4hrige ehrenamtliche Engagements Krimmels und seine Verdienste f\u00fcr die B\u00fcrgerinnen und B\u00fcrger Kostheims und dar\u00fcber hinaus.<\/p>\n<p><img loading=\"lazy\" decoding=\"async\" class=\"size-medium alignleft\" style=\"border: 4px solid #D8D8D8;\" src=\"https:\/\/farm5.staticflickr.com\/4773\/40082577244_e277bde8b7_n.jpg\" width=\"320\" height=\"211\" \/>Der Leiter der Wiesbadener Berufsfeuerwehr Harald M\u00fcller bedankte sich bei Krimmel f\u00fcr die stets vertrauensvolle Zusammenarbeit. Wer f\u00fchren wolle, m\u00fcsse Vorbild sein. Diesen Anspruch habe Krimmel in all den Jahren mit Bravour verwirklicht. In seiner Zeit in der Wehrf\u00fchrung sei er ma\u00dfgeblich daran beteiligt gewesen, die Kostheimer Feuerwehr wieder zu einer schlagkr\u00e4ftigen Truppe zu formen. Die aktuellen Mitgliederzahlen und die zahlreichen Aktivit\u00e4ten der Wehr sowie die Ausr\u00fcckest\u00e4rken zeugten von einer au\u00dferordentlich guten Kameradschaft.<\/p>\n<p><!--more-->Stadtbrandinspektor Thomas Stein und sein Stellvertreter Lorenz Grebner ergriffen ebenfalls das Wort. Sie hatten dem scheidenden Wehrf\u00fchrer noch eine ganz besondere Auszeichnung mitgebracht. F\u00fcr Stein war es eine ganz au\u00dferordentliche Ehre, seinem Nachfolger als Kostheimer Wehrf\u00fchrer und Freund Torsten das Ehrenkreuz in Silber am Bande des Nassauischen Feuerwehrverbandes zu \u00fcberreichen. Der sichtlich ger\u00fchrte Krimmel nahm die Auszeichnung dankbar entgegen.<\/p>\n<p><img loading=\"lazy\" decoding=\"async\" class=\"size-medium alignright\" style=\"border: 4px solid #D8D8D8;\" src=\"https:\/\/farm5.staticflickr.com\/4780\/26922511668_5c8c184000_n.jpg\" width=\"320\" height=\"211\" \/>Vor den Wahlen standen zun\u00e4chst die Berichte der Abteilungen auf der Tagesordnung.<br \/>\nDerzeit versehen 34 M\u00e4nner und 4 Frauen ihren Einsatzdienst bei der Kostheimer Freiwilligen Feuerwehr. Im vergangenen Jahr mussten die Wehrleute in 109 F\u00e4llen ausr\u00fccken um Gefahr f\u00fcr Leib und Leben, f\u00fcr die Umwelt oder f\u00fcr Sachwerte in Kostheim, Kastel und im gesamten Stadtgebiet abzuwehren. Darunter fielen auch zwei Gro\u00df- und drei Mittelbr\u00e4nde; mit ihrem Rettungsboot r\u00fcckten die Kostheimer Wehrleute 17mal aus. Besonders zu schaffen machte den Helfern erneut eine Serie von M\u00fclltonnenbr\u00e4nden, vornehmlich in den Abend- und Nachtstunden. Zusammen mit den \u00dcbungsdiensten und Lehrg\u00e4ngen brachten es die Kameradinnen und Kameraden dabei im vergangenen Jahr auf insgesamt \u00fcber 6000 Arbeitsstunden.<\/p>\n<p>Auch die Nachwuchsarbeit hat in Kostheim einen besonderen Stellenwert. 16 Jungen und 2 M\u00e4dchen tragen derzeit die Jugenduniform der Kostheimer Blaur\u00f6cke und bereiten sich auf ihren \u00dcbertritt in die Einsatzabteilung vor. 11 Jungen und M\u00e4dchen werden derzeit auf spielerische Weise bei der Bambinifeuerwehr an die Grundlagen des Feuerwehrwesens herangef\u00fchrt.Schon mehrere ehemalige (Gr\u00fcndungs-)Mitglied der Bambinifeuerwehr haben in den vergangenen Jahren ihren Grundlehrgang absolviert und verst\u00e4rken seitdem die Einsatzabteilung.<\/p>\n<p>Die Ehren- und Altersabteilung der Kostheimer Wehr verzeichnet derzeit 10 Mitglieder, wie der Vertreter der Abteilung, Gottfried Geider, den Anwesenden zu berichten wusste.<\/p>\n<p><img loading=\"lazy\" decoding=\"async\" class=\"size-medium alignleft\" style=\"border: 4px solid #D8D8D8;\" src=\"https:\/\/farm5.staticflickr.com\/4781\/25920828277_ec211d1e30_n.jpg\" width=\"320\" height=\"211\" \/>Bei den anschlie\u00dfenden Wahlen wurde der bisherige stellvertretende Wehrf\u00fchrer Michael Stark einstimmig zum Wehrf\u00fchrer gew\u00e4hlt. Der 1975 geborene Stark ist Zeit seines Lebens Mitglied der Kostheimer Feuerwehr und war in der Vergangenheit zudem bereits langj\u00e4hrig als Jugendwart und Schriftf\u00fchrer im Vorstand des Feuerwehrvereins t\u00e4tig.<br \/>\nZu seinem Stellvertreter wurde, ebenfalls einstimmig, Mathias M\u00e4mpel gew\u00e4hlt, der mit seiner Wahl einer langen Familientradition Rechnung tr\u00e4gt; sowohl Vater Rainer als auch Gro\u00dfvater Josef waren bereits in der Wehrf\u00fchrung der Kostheimer Feuerwehr t\u00e4tig.<\/p>\n<p>Daneben wurde in den Wehrausschuss gew\u00e4hlt:<br \/>\n\u2022 Gottfried Geider \u2013 als Vertreter der Ehren- und Alterdabteilung,<br \/>\n\u2022 Tobias Kaiser \u2013 als Jugendwart,<br \/>\n\u2022 Daniel Schuth \u2013 als Betreuer der Bambinifeuerwehr,<br \/>\n\u2022 Franco Sapuppo und Christian Schmitt \u2013 als Beisitzer.<\/p>\n<p>In der sich an die \u00f6ffentlich-rechtliche Versammlung anschlie\u00dfenden Hauptversammlung des Vereins, bekamen die anwesenden Mitglieder durch die Berichte den umfassenden \u00dcberblick \u00fcber die Ereignisse und T\u00e4tigkeiten der einzelnen Abteilungen. Zudem berichtete der Kassierer \u00fcber einen positiven Gesch\u00e4ftsbericht. Wie auch schon in der ersten Versammlung, waren die Neuwahlen mitunter ein Hauptpunkt. Die Vereinsf\u00fchrung \u00fcbernehmen die als schon als Wehrf\u00fchrung gew\u00e4hlten Michael Stark (erster Vorsitzender) sowie Mathias M\u00e4mpel (zweiter Vorsitzender). Mit dem wiedergew\u00e4hlten Kassierer Christian Schmitt und dem neu gew\u00e4hlten Schriftf\u00fchrer Fabian Wotzlaw wurde der gesch\u00e4ftsf\u00fchrende Vorstand komplettiert. Als Beisitzer neu in den Gesamtvorstand gew\u00e4hlt wurden Mathias Jost, Mustapha Berchane und Stefan Wagner.<br \/>\nAuf Antrag des neuen Vorstandes wurde das Mitglied Klaus Noll aufgrund seiner nun 50-j\u00e4hrigen Mitgliedschaft zum Ehrenmitglied ernannt.<\/p>\n<p><img loading=\"lazy\" decoding=\"async\" class=\"size-medium alignright\" style=\"border: 4px solid #D8D8D8;\" src=\"https:\/\/farm5.staticflickr.com\/4794\/40082499124_f2dae9d97a_n.jpg\" width=\"320\" height=\"211\" \/>Neben den Gru\u00dfworten zur Verabschiedung von Torsten Krimmel durch die Ehreng\u00e4ste, lie\u00dfen es sich die eigenen Kameraden nicht nehmen, sich ebenfalls f\u00fcr das Geleistete bei ihm zu bedanken. Die neue Wehrf\u00fchrung sowie die Jugendfeuerwehr \u00fcbergaben als Erinnerung jeweils ein kleines Pr\u00e4sent und dr\u00fcckten dadurch ihre Anerkennung aus.<\/p>\n<p>[FAGP id=4292]<\/p>\n","protected":false},"excerpt":{"rendered":"<p>Eine besondere Jahreshauptversammlung erlebten die anwesenden 32 Kameradinnen und Kameraden der Freiwilligen Feuerwehr Kostheim am vergangenen Sonntag im Lehrsaal ihres Feuerwehrger\u00e4tehauses. Zahlreiche Ehreng\u00e4ste waren erschienen, um den bisherigen Wehrf\u00fchrer Torsten Krimmel geb\u00fchrend aus seinem Amt zu verabschieden. Torsten Krimmel, der bereits 2003 zum stellvertretenden Wehrleiter gew\u00e4hlt worden war und das Amt des Wehrf\u00fchrers im Jahr [&hellip;]<\/p>\n","protected":false},"author":1,"featured_media":0,"comment_status":"closed","ping_status":"open","sticky":false,"template":"","format":"standard","meta":{"_et_pb_use_builder":"","_et_pb_old_content":"","_et_gb_content_width":"","_crdt_document":"","footnotes":""},"categories":[4,9,10],"tags":[191,939,193,192,721],"class_list":["post-4286","post","type-post","status-publish","format-standard","hentry","category-einsatzabteilung","category-veranstaltungen","category-verein","tag-jahreshauptversammlung","tag-mitgliederversammlung","tag-neuwahlen","tag-versammlung","tag-wehrfuehrung"],"_links":{"self":[{"href":"https:\/\/www.feuerwehrkostheim.de\/index.php?rest_route=\/wp\/v2\/posts\/4286","targetHints":{"allow":["GET"]}}],"collection":[{"href":"https:\/\/www.feuerwehrkostheim.de\/index.php?rest_route=\/wp\/v2\/posts"}],"about":[{"href":"https:\/\/www.feuerwehrkostheim.de\/index.php?rest_route=\/wp\/v2\/types\/post"}],"author":[{"embeddable":true,"href":"https:\/\/www.feuerwehrkostheim.de\/index.php?rest_route=\/wp\/v2\/users\/1"}],"replies":[{"embeddable":true,"href":"https:\/\/www.feuerwehrkostheim.de\/index.php?rest_route=%2Fwp%2Fv2%2Fcomments&post=4286"}],"version-history":[{"count":0,"href":"https:\/\/www.feuerwehrkostheim.de\/index.php?rest_route=\/wp\/v2\/posts\/4286\/revisions"}],"wp:attachment":[{"href":"https:\/\/www.feuerwehrkostheim.de\/index.php?rest_route=%2Fwp%2Fv2%2Fmedia&parent=4286"}],"wp:term":[{"taxonomy":"category","embeddable":true,"href":"https:\/\/www.feuerwehrkostheim.de\/index.php?rest_route=%2Fwp%2Fv2%2Fcategories&post=4286"},{"taxonomy":"post_tag","embeddable":true,"href":"https:\/\/www.feuerwehrkostheim.de\/index.php?rest_route=%2Fwp%2Fv2%2Ftags&post=4286"}],"curies":[{"name":"wp","href":"https:\/\/api.w.org\/{rel}","templated":true}]}}