{"id":4279,"date":"2018-03-11T16:26:52","date_gmt":"2018-03-11T15:26:52","guid":{"rendered":"http:\/\/www.feuerwehrkostheim.de\/?p=4279"},"modified":"2018-06-02T14:03:27","modified_gmt":"2018-06-02T13:03:27","slug":"neuwahlen-bei-der-kostheimer-feuerwehr-2","status":"publish","type":"post","link":"https:\/\/www.feuerwehrkostheim.de\/?p=4279","title":{"rendered":"+ + + Neuwahlen bei der Kostheimer Feuerwehr + + +"},"content":{"rendered":"<div id=\"attachment_4280\" style=\"width: 268px\" class=\"wp-caption alignright\"><a href=\"http:\/\/www.feuerwehrkostheim.de\/wp-content\/uploads\/2018\/03\/FF-WF-2.jpg\"><img loading=\"lazy\" decoding=\"async\" aria-describedby=\"caption-attachment-4280\" class=\"wp-image-4280 size-medium\" style=\"border: 4px solid #D8D8D8;\" src=\"http:\/\/www.feuerwehrkostheim.de\/wp-content\/uploads\/2018\/03\/FF-WF-2-258x300.jpg\" alt=\"\" width=\"258\" height=\"300\" srcset=\"https:\/\/www.feuerwehrkostheim.de\/wp-content\/uploads\/2018\/03\/FF-WF-2-258x300.jpg 258w, https:\/\/www.feuerwehrkostheim.de\/wp-content\/uploads\/2018\/03\/FF-WF-2-768x892.jpg 768w, https:\/\/www.feuerwehrkostheim.de\/wp-content\/uploads\/2018\/03\/FF-WF-2-881x1024.jpg 881w\" sizes=\"(max-width: 258px) 100vw, 258px\" \/><\/a><p id=\"caption-attachment-4280\" class=\"wp-caption-text\">Michael Stark (vorne) mit seinem Stellvertreter Mathias M\u00e4mpel<\/p><\/div>\n<p>Im Rahmen der heutigen Jahreshauptversammlungen von Einsatzabteilung und Feuerwehrverein wurden unter anderem auch die F\u00fchrungs\u00e4mter neu besetzt. Mit Michael Stark wurde der bisherige Stellvertreter nun zum Wehrf\u00fchrer sowie Vereinsvorsitzenden gew\u00e4hlt. An seine Seite r\u00fcckt Mathias M\u00e4mpel als Stellvertreter in der Wehrf\u00fchrung sowie des Vereinsvorsitzes. Mit bewegenden Momenten verabschiedete man den bisherigen \u201eKapit\u00e4n\u201c Torsten Krimmel aus seinen \u00c4mtern.<\/p>\n<p>Ein detaillierter Bericht folgt in den kommenden Tagen.<\/p>\n","protected":false},"excerpt":{"rendered":"<p>Im Rahmen der heutigen Jahreshauptversammlungen von Einsatzabteilung und Feuerwehrverein wurden unter anderem auch die F\u00fchrungs\u00e4mter neu besetzt. Mit Michael Stark wurde der bisherige Stellvertreter nun zum Wehrf\u00fchrer sowie Vereinsvorsitzenden gew\u00e4hlt. An seine Seite r\u00fcckt Mathias M\u00e4mpel als Stellvertreter in der Wehrf\u00fchrung sowie des Vereinsvorsitzes. Mit bewegenden Momenten verabschiedete man den bisherigen \u201eKapit\u00e4n\u201c Torsten Krimmel aus [&hellip;]<\/p>\n","protected":false},"author":1,"featured_media":0,"comment_status":"closed","ping_status":"open","sticky":false,"template":"","format":"standard","meta":{"_et_pb_use_builder":"","_et_pb_old_content":"","_et_gb_content_width":"","_crdt_document":"","footnotes":""},"categories":[1,4,9,10],"tags":[720,1100,719,721],"class_list":["post-4279","post","type-post","status-publish","format-standard","hentry","category-allgemein","category-einsatzabteilung","category-veranstaltungen","category-verein","tag-neuwahl","tag-vorsitzender","tag-wehrfuehrer","tag-wehrfuehrung"],"_links":{"self":[{"href":"https:\/\/www.feuerwehrkostheim.de\/index.php?rest_route=\/wp\/v2\/posts\/4279","targetHints":{"allow":["GET"]}}],"collection":[{"href":"https:\/\/www.feuerwehrkostheim.de\/index.php?rest_route=\/wp\/v2\/posts"}],"about":[{"href":"https:\/\/www.feuerwehrkostheim.de\/index.php?rest_route=\/wp\/v2\/types\/post"}],"author":[{"embeddable":true,"href":"https:\/\/www.feuerwehrkostheim.de\/index.php?rest_route=\/wp\/v2\/users\/1"}],"replies":[{"embeddable":true,"href":"https:\/\/www.feuerwehrkostheim.de\/index.php?rest_route=%2Fwp%2Fv2%2Fcomments&post=4279"}],"version-history":[{"count":0,"href":"https:\/\/www.feuerwehrkostheim.de\/index.php?rest_route=\/wp\/v2\/posts\/4279\/revisions"}],"wp:attachment":[{"href":"https:\/\/www.feuerwehrkostheim.de\/index.php?rest_route=%2Fwp%2Fv2%2Fmedia&parent=4279"}],"wp:term":[{"taxonomy":"category","embeddable":true,"href":"https:\/\/www.feuerwehrkostheim.de\/index.php?rest_route=%2Fwp%2Fv2%2Fcategories&post=4279"},{"taxonomy":"post_tag","embeddable":true,"href":"https:\/\/www.feuerwehrkostheim.de\/index.php?rest_route=%2Fwp%2Fv2%2Ftags&post=4279"}],"curies":[{"name":"wp","href":"https:\/\/api.w.org\/{rel}","templated":true}]}}