{"id":4255,"date":"2018-03-02T17:58:45","date_gmt":"2018-03-02T16:58:45","guid":{"rendered":"http:\/\/www.feuerwehrkostheim.de\/?p=4255"},"modified":"2018-06-02T14:03:27","modified_gmt":"2018-06-02T13:03:27","slug":"wachbesetzung-aufgrund-der-bootsbergung","status":"publish","type":"post","link":"https:\/\/www.feuerwehrkostheim.de\/?p=4255","title":{"rendered":"Wachbesetzung aufgrund einer Bootsbergung"},"content":{"rendered":"<p><img loading=\"lazy\" decoding=\"async\" class=\"alignleft\" title=\"Einsatz-Logo\" src=\"http:\/\/www.feuerwehrkostheim.de\/wp-content\/bilder\/sonstige\/logo_einsatz.jpg\" alt=\"Einsatz-Logo\" width=\"100\" height=\"100\" \/><strong>02. M\u00e4rz 2018 &#8211; 11:50 Uhr<\/strong><br \/>\n<strong>Feuerwache 2<\/strong><br \/>\nFF-Einheit \/ Alarmgruppe mit FF-Kastel<br \/>\nEinsatz 22 &#8211; 2018<\/p>\n<p>Nachdem sich abzeichnete, dass der Einsatz im Schiersteiner Hafen \u2013 <a href=\"http:\/\/www.feuerwehrkostheim.de\/?p=4251\" target=\"_blank\" rel=\"noopener\">wo ein gekentertes Sportboot aufw\u00e4ndig geborgen werden musste<\/a> \u2013 noch l\u00e4nger hinzieht, wurde der Rest der Kostheimer Feuerwehr kurz vor 12 Uhr zur Wachbesetzung auf die Feuerwache 2 alarmiert. Das L\u00f6schfahrzeug der FF Kostheim stand f\u00fcr m\u00f6gliche Eins\u00e4tze im Wachbezirk zur Verf\u00fcgung, musste jedoch bis zum Zur\u00fcckkehren der hauptamtlichen Kr\u00e4fte nicht ausr\u00fccken. Im Vergleich zu den Kameraden in Hafen, waren die Temperaturen in den R\u00e4umlichkeiten der Feuerwache deutlich angenehmer. Ein Kamerad der Kasteler Feuerwehr \u2013 die ebenfalls alarmiert waren \u2013 unterst\u00fctze die Nachbarn aus Kostheim.<br \/>\nGegen 15 Uhr war auch dieser Einsatz beendet.<\/p>\n","protected":false},"excerpt":{"rendered":"<p>02. M\u00e4rz 2018 &#8211; 11:50 Uhr Feuerwache 2 FF-Einheit \/ Alarmgruppe mit FF-Kastel Einsatz 22 &#8211; 2018 Nachdem sich abzeichnete, dass der Einsatz im Schiersteiner Hafen \u2013 wo ein gekentertes Sportboot aufw\u00e4ndig geborgen werden musste \u2013 noch l\u00e4nger hinzieht, wurde der Rest der Kostheimer Feuerwehr kurz vor 12 Uhr zur Wachbesetzung auf die Feuerwache 2 [&hellip;]<\/p>\n","protected":false},"author":1,"featured_media":0,"comment_status":"closed","ping_status":"open","sticky":false,"template":"","format":"standard","meta":{"_et_pb_use_builder":"","_et_pb_old_content":"","_et_gb_content_width":"","_crdt_document":"","footnotes":""},"categories":[5],"tags":[110,993,243],"class_list":["post-4255","post","type-post","status-publish","format-standard","hentry","category-einsatze","tag-alarmgruppe","tag-feuerwache","tag-wachbesetzung"],"_links":{"self":[{"href":"https:\/\/www.feuerwehrkostheim.de\/index.php?rest_route=\/wp\/v2\/posts\/4255","targetHints":{"allow":["GET"]}}],"collection":[{"href":"https:\/\/www.feuerwehrkostheim.de\/index.php?rest_route=\/wp\/v2\/posts"}],"about":[{"href":"https:\/\/www.feuerwehrkostheim.de\/index.php?rest_route=\/wp\/v2\/types\/post"}],"author":[{"embeddable":true,"href":"https:\/\/www.feuerwehrkostheim.de\/index.php?rest_route=\/wp\/v2\/users\/1"}],"replies":[{"embeddable":true,"href":"https:\/\/www.feuerwehrkostheim.de\/index.php?rest_route=%2Fwp%2Fv2%2Fcomments&post=4255"}],"version-history":[{"count":0,"href":"https:\/\/www.feuerwehrkostheim.de\/index.php?rest_route=\/wp\/v2\/posts\/4255\/revisions"}],"wp:attachment":[{"href":"https:\/\/www.feuerwehrkostheim.de\/index.php?rest_route=%2Fwp%2Fv2%2Fmedia&parent=4255"}],"wp:term":[{"taxonomy":"category","embeddable":true,"href":"https:\/\/www.feuerwehrkostheim.de\/index.php?rest_route=%2Fwp%2Fv2%2Fcategories&post=4255"},{"taxonomy":"post_tag","embeddable":true,"href":"https:\/\/www.feuerwehrkostheim.de\/index.php?rest_route=%2Fwp%2Fv2%2Ftags&post=4255"}],"curies":[{"name":"wp","href":"https:\/\/api.w.org\/{rel}","templated":true}]}}