{"id":4251,"date":"2018-03-02T17:37:36","date_gmt":"2018-03-02T16:37:36","guid":{"rendered":"http:\/\/www.feuerwehrkostheim.de\/?p=4251"},"modified":"2018-06-02T14:03:27","modified_gmt":"2018-06-02T13:03:27","slug":"gekentertes-sportboot-sorgt-fuer-grosseinsatz","status":"publish","type":"post","link":"https:\/\/www.feuerwehrkostheim.de\/?p=4251","title":{"rendered":"Gekentertes Sportboot sorgt f\u00fcr Gro\u00dfeinsatz"},"content":{"rendered":"<p><img loading=\"lazy\" decoding=\"async\" class=\"alignleft\" title=\"Einsatz-Logo\" src=\"http:\/\/www.feuerwehrkostheim.de\/wp-content\/bilder\/sonstige\/logo_einsatz.jpg\" alt=\"Einsatz-Logo\" width=\"100\" height=\"100\" \/><strong>02. M\u00e4z 2018 &#8211; 09:47 Uhr<\/strong><br \/>\n<strong>Hafen Schierstein<\/strong><br \/>\nEinzelfahrzeugalarmierung &#8211; MZB<br \/>\nEinsatz 21 &#8211; 2018<\/p>\n<p>Am Freitagvormittag wurde die Rettungsleitstelle der Feuerwehr von der Wasserschutzpolizei \u00fcber ein gekentertes Boot im Schiersteiner Hafen informiert. Da Anfangs nicht ausgeschlossen werden konnte, dass sich noch Personen darin befinden, wurden die zum Wasserrettungskonzept geh\u00f6renden Einheiten von Berufsfeuerwehr, Feuerwehr Kostheim sowie DLRG alarmiert. Beim Eintreffen der Einsatzkr\u00e4fte bot sich folgendes Bild: das etwa 9 Meter lange, mit einer Plane umh\u00fcllte Sportboot, lag gekentert im Bereich eines Anlegesteges. Durch die Havarie traten zudem noch Betriebsstoffe aus, sodass sich ein leichter \u00d6lfilm auf der Wasseroberfl\u00e4che bildete.<\/p>\n<p><!--more-->In einem \u00fcber f\u00fcnf Stunden dauernden Einsatz bei Au\u00dfentemperaturen knapp unter dem Gefrierpunkt und eisigem Wind, galt es f\u00fcr die Einsatzkr\u00e4fte einen m\u00f6glichen Personenschaden auszuschlie\u00dfen sowie die Gefahren f\u00fcr die Umwelt abzuwehren. Hierzu wurden \u00d6lschl\u00e4ngel rund um die Schadenstelle ausgebracht, das Boot erst gegen weiteren Absinken gesichert und danach in einer aufw\u00e4ndigen Aktion gehoben und mit einem Bergungsschiff zu einer Rampe gebracht. Taucher waren im Einsatz, um noch vor der eigentlichen Bergung das Schiffsinnere auf m\u00f6gliche Personen hin zu durchsuchen. Mittels Tauchpumpen, die das Wasser aus dem Rumpf f\u00f6rderten und Bergungskissen der DLRG, gelang es letztendlich den Havaristen in eine Position f\u00fcr den m\u00f6glichen Weitertransport zu bekommen.<\/p>\n<p>Aufgrund der auslaufenden Betriebsstoffe steuerte der Abrollbeh\u00e4lter Gefahrgut sowie Kr\u00e4fte der Werkfeuerwehr InfraServ ebenfalls die Einsatzstelle in Schierstein an. Das Feuerl\u00f6schboot wurde durch die Kameraden der FF Schierstein personell verst\u00e4rkt.<\/p>\n<p>Gegen 14:30 Uhr \u2013 gut f\u00fcnf Stunden nach Alarmierung \u2013 waren die Arbeiten beendet und die Einsatzkr\u00e4fte konnten wieder einr\u00fccken. Neben dem Reinigen der eingesetzten Ger\u00e4tschaften galt es besonders, sich langsam wieder \u201eaufzutauen\u201c.<\/p>\n","protected":false},"excerpt":{"rendered":"<p>02. M\u00e4z 2018 &#8211; 09:47 Uhr Hafen Schierstein Einzelfahrzeugalarmierung &#8211; MZB Einsatz 21 &#8211; 2018 Am Freitagvormittag wurde die Rettungsleitstelle der Feuerwehr von der Wasserschutzpolizei \u00fcber ein gekentertes Boot im Schiersteiner Hafen informiert. Da Anfangs nicht ausgeschlossen werden konnte, dass sich noch Personen darin befinden, wurden die zum Wasserrettungskonzept geh\u00f6renden Einheiten von Berufsfeuerwehr, Feuerwehr Kostheim [&hellip;]<\/p>\n","protected":false},"author":1,"featured_media":0,"comment_status":"closed","ping_status":"open","sticky":false,"template":"","format":"standard","meta":{"_et_pb_use_builder":"","_et_pb_old_content":"","_et_gb_content_width":"","_crdt_document":"","footnotes":""},"categories":[5],"tags":[103,753,151,686,1093,245,1002,1094,518],"class_list":["post-4251","post","type-post","status-publish","format-standard","hentry","category-einsatze","tag-boot","tag-gekentert","tag-hafen","tag-mzb","tag-oelschlaengel","tag-schierstein","tag-sportboot","tag-umwelt","tag-wasserrettung"],"_links":{"self":[{"href":"https:\/\/www.feuerwehrkostheim.de\/index.php?rest_route=\/wp\/v2\/posts\/4251","targetHints":{"allow":["GET"]}}],"collection":[{"href":"https:\/\/www.feuerwehrkostheim.de\/index.php?rest_route=\/wp\/v2\/posts"}],"about":[{"href":"https:\/\/www.feuerwehrkostheim.de\/index.php?rest_route=\/wp\/v2\/types\/post"}],"author":[{"embeddable":true,"href":"https:\/\/www.feuerwehrkostheim.de\/index.php?rest_route=\/wp\/v2\/users\/1"}],"replies":[{"embeddable":true,"href":"https:\/\/www.feuerwehrkostheim.de\/index.php?rest_route=%2Fwp%2Fv2%2Fcomments&post=4251"}],"version-history":[{"count":0,"href":"https:\/\/www.feuerwehrkostheim.de\/index.php?rest_route=\/wp\/v2\/posts\/4251\/revisions"}],"wp:attachment":[{"href":"https:\/\/www.feuerwehrkostheim.de\/index.php?rest_route=%2Fwp%2Fv2%2Fmedia&parent=4251"}],"wp:term":[{"taxonomy":"category","embeddable":true,"href":"https:\/\/www.feuerwehrkostheim.de\/index.php?rest_route=%2Fwp%2Fv2%2Fcategories&post=4251"},{"taxonomy":"post_tag","embeddable":true,"href":"https:\/\/www.feuerwehrkostheim.de\/index.php?rest_route=%2Fwp%2Fv2%2Ftags&post=4251"}],"curies":[{"name":"wp","href":"https:\/\/api.w.org\/{rel}","templated":true}]}}