{"id":4245,"date":"2018-02-24T18:27:10","date_gmt":"2018-02-24T17:27:10","guid":{"rendered":"http:\/\/www.feuerwehrkostheim.de\/?p=4245"},"modified":"2018-06-02T14:03:27","modified_gmt":"2018-06-02T13:03:27","slug":"umgestuerzte-tanne-im-sampelweg","status":"publish","type":"post","link":"https:\/\/www.feuerwehrkostheim.de\/?p=4245","title":{"rendered":"Umgest\u00fcrzte Tanne im Sampelweg"},"content":{"rendered":"<p><img loading=\"lazy\" decoding=\"async\" class=\"alignleft\" title=\"Einsatz-Logo\" src=\"http:\/\/www.feuerwehrkostheim.de\/wp-content\/bilder\/sonstige\/logo_einsatz.jpg\" alt=\"Einsatz-Logo\" width=\"100\" height=\"100\" \/><strong>24. Februar 2018 &#8211; 16:46 Uhr<\/strong><br \/>\n<strong>Mittlerer Sampelweg<\/strong><br \/>\nEinzelfahrzeugalarmierung<br \/>\nEinsatz 19 &#8211; 2018<\/p>\n<p>Die Kostheimer Feuerwehr wurde am Samstagnachmittag zu einem umgest\u00fcrzten Baum in den mittleren Sampelweg alarmiert. Da die Berufsfeuerwehr zeitgleich an einer anderen Einsatzstelle gebunden war, steuerte das L\u00f6schfahrzeug aus Kostheim als einziges Fahrzeug die Einsatzstelle an. Vor Ort angekommen, waren die Gartennachbarn des betroffenen Grundst\u00fcckes schon damit besch\u00e4ftigt, die umgest\u00fcrzte Tanne, deren Gr\u00f6\u00dfe \u00fcbersichtlich war und dessen Spitze \u00fcber den Weg ragte, zu zerkleinern. Die Feuerwehr musste nicht mehr unterst\u00fctzend eingreifen und r\u00fcckte nur wenig sp\u00e4ter wieder ein.<\/p>\n","protected":false},"excerpt":{"rendered":"<p>24. Februar 2018 &#8211; 16:46 Uhr Mittlerer Sampelweg Einzelfahrzeugalarmierung Einsatz 19 &#8211; 2018 Die Kostheimer Feuerwehr wurde am Samstagnachmittag zu einem umgest\u00fcrzten Baum in den mittleren Sampelweg alarmiert. Da die Berufsfeuerwehr zeitgleich an einer anderen Einsatzstelle gebunden war, steuerte das L\u00f6schfahrzeug aus Kostheim als einziges Fahrzeug die Einsatzstelle an. Vor Ort angekommen, waren die Gartennachbarn [&hellip;]<\/p>\n","protected":false},"author":1,"featured_media":0,"comment_status":"closed","ping_status":"open","sticky":false,"template":"","format":"standard","meta":{"_et_pb_use_builder":"","_et_pb_old_content":"","_et_gb_content_width":"","_crdt_document":"","footnotes":""},"categories":[5],"tags":[420,1092,421],"class_list":["post-4245","post","type-post","status-publish","format-standard","hentry","category-einsatze","tag-baum","tag-tanne","tag-umgesturzt"],"_links":{"self":[{"href":"https:\/\/www.feuerwehrkostheim.de\/index.php?rest_route=\/wp\/v2\/posts\/4245","targetHints":{"allow":["GET"]}}],"collection":[{"href":"https:\/\/www.feuerwehrkostheim.de\/index.php?rest_route=\/wp\/v2\/posts"}],"about":[{"href":"https:\/\/www.feuerwehrkostheim.de\/index.php?rest_route=\/wp\/v2\/types\/post"}],"author":[{"embeddable":true,"href":"https:\/\/www.feuerwehrkostheim.de\/index.php?rest_route=\/wp\/v2\/users\/1"}],"replies":[{"embeddable":true,"href":"https:\/\/www.feuerwehrkostheim.de\/index.php?rest_route=%2Fwp%2Fv2%2Fcomments&post=4245"}],"version-history":[{"count":0,"href":"https:\/\/www.feuerwehrkostheim.de\/index.php?rest_route=\/wp\/v2\/posts\/4245\/revisions"}],"wp:attachment":[{"href":"https:\/\/www.feuerwehrkostheim.de\/index.php?rest_route=%2Fwp%2Fv2%2Fmedia&parent=4245"}],"wp:term":[{"taxonomy":"category","embeddable":true,"href":"https:\/\/www.feuerwehrkostheim.de\/index.php?rest_route=%2Fwp%2Fv2%2Fcategories&post=4245"},{"taxonomy":"post_tag","embeddable":true,"href":"https:\/\/www.feuerwehrkostheim.de\/index.php?rest_route=%2Fwp%2Fv2%2Ftags&post=4245"}],"curies":[{"name":"wp","href":"https:\/\/api.w.org\/{rel}","templated":true}]}}