{"id":4231,"date":"2018-02-07T08:12:06","date_gmt":"2018-02-07T07:12:06","guid":{"rendered":"http:\/\/www.feuerwehrkostheim.de\/?p=4231"},"modified":"2018-06-02T14:03:28","modified_gmt":"2018-06-02T13:03:28","slug":"feuer-auf-dem-balkon-schnell-geloescht-2","status":"publish","type":"post","link":"https:\/\/www.feuerwehrkostheim.de\/?p=4231","title":{"rendered":"Feuer auf dem Balkon schnell gel\u00f6scht"},"content":{"rendered":"<p><img loading=\"lazy\" decoding=\"async\" class=\"alignleft\" title=\"Einsatz-Logo\" src=\"http:\/\/www.feuerwehrkostheim.de\/wp-content\/bilder\/sonstige\/logo_einsatz.jpg\" alt=\"Einsatz-Logo\" width=\"100\" height=\"100\" \/><strong>06. Februar 2018 &#8211; 18:33 Uhr<\/strong><br \/>\n<strong>Steinern Stra\u00dfe <\/strong><br \/>\nFF-Einheit<br \/>\nEinsatz 16 &#8211; 2018<\/p>\n<p>Zu einem Balkonbrand wurde die Feuerwehr Kostheim sowie der L\u00f6schzug der Feuerwache 2 am Dienstagabend alarmiert. Anwohner aus der Steinern Stra\u00dfe meldeten einen Feuerschein auf dem Balkon eines Mehrfamilienhauses. Nach dem Eintreffen an der Einsatzstelle wurde man schnell f\u00fcndig und begann mit den L\u00f6schma\u00dfnahmen. F\u00fcr den vorgehenden Trupp wurde die Steckleiter in Stellung gebracht um auf den Balkon im 2. Obergeschoss zu gelangen. Da das Feuer noch keine gr\u00f6\u00dferen Ausma\u00dfe angenommen hatte, l\u00f6schte man den Brand mit einer K\u00fcbelspritze und konnte somit auf das Verlegen von Schlauchleitungen verzichten. Vorsichtshalber wurden die R\u00e4umlichkeiten der zum Balkon geh\u00f6renden Wohnung kontrolliert. Da zum Einsatzzeitpunkt niemand \u00f6ffnete, entschloss man sich, die Wohnungst\u00fcr mittels T\u00fcr\u00f6ffnungswerkzeug zu \u00f6ffnen. Nachdem man sicher gehen konnte, dass keine weitere Gefahr \u2013 auch in der Wohnung ein Stock dar\u00fcber \u2013 lauerte, konnte der Einsatz beendet werden. Nach dem R\u00fcckbau der Ger\u00e4tschaften r\u00fcckten die Einheiten wieder ein. Auf dem Balkon war ein Abfallbeh\u00e4lter in Brand geraten. Die Steinern Stra\u00dfe war zeitweise zwischen Zelter- und Uthmannstra\u00dfe voll gesperrt, sodass es zu leichten Behinderungen \u2013 vor allem im Busverkehr \u2013 kam.<\/p>\n","protected":false},"excerpt":{"rendered":"<p>06. Februar 2018 &#8211; 18:33 Uhr Steinern Stra\u00dfe FF-Einheit Einsatz 16 &#8211; 2018 Zu einem Balkonbrand wurde die Feuerwehr Kostheim sowie der L\u00f6schzug der Feuerwache 2 am Dienstagabend alarmiert. Anwohner aus der Steinern Stra\u00dfe meldeten einen Feuerschein auf dem Balkon eines Mehrfamilienhauses. Nach dem Eintreffen an der Einsatzstelle wurde man schnell f\u00fcndig und begann mit [&hellip;]<\/p>\n","protected":false},"author":1,"featured_media":0,"comment_status":"closed","ping_status":"open","sticky":false,"template":"","format":"standard","meta":{"_et_pb_use_builder":"","_et_pb_old_content":"","_et_gb_content_width":"","_crdt_document":"","footnotes":""},"categories":[5],"tags":[792,184,50,31],"class_list":["post-4231","post","type-post","status-publish","format-standard","hentry","category-einsatze","tag-abfalleimer","tag-balkon","tag-brand","tag-feuer"],"_links":{"self":[{"href":"https:\/\/www.feuerwehrkostheim.de\/index.php?rest_route=\/wp\/v2\/posts\/4231","targetHints":{"allow":["GET"]}}],"collection":[{"href":"https:\/\/www.feuerwehrkostheim.de\/index.php?rest_route=\/wp\/v2\/posts"}],"about":[{"href":"https:\/\/www.feuerwehrkostheim.de\/index.php?rest_route=\/wp\/v2\/types\/post"}],"author":[{"embeddable":true,"href":"https:\/\/www.feuerwehrkostheim.de\/index.php?rest_route=\/wp\/v2\/users\/1"}],"replies":[{"embeddable":true,"href":"https:\/\/www.feuerwehrkostheim.de\/index.php?rest_route=%2Fwp%2Fv2%2Fcomments&post=4231"}],"version-history":[{"count":0,"href":"https:\/\/www.feuerwehrkostheim.de\/index.php?rest_route=\/wp\/v2\/posts\/4231\/revisions"}],"wp:attachment":[{"href":"https:\/\/www.feuerwehrkostheim.de\/index.php?rest_route=%2Fwp%2Fv2%2Fmedia&parent=4231"}],"wp:term":[{"taxonomy":"category","embeddable":true,"href":"https:\/\/www.feuerwehrkostheim.de\/index.php?rest_route=%2Fwp%2Fv2%2Fcategories&post=4231"},{"taxonomy":"post_tag","embeddable":true,"href":"https:\/\/www.feuerwehrkostheim.de\/index.php?rest_route=%2Fwp%2Fv2%2Ftags&post=4231"}],"curies":[{"name":"wp","href":"https:\/\/api.w.org\/{rel}","templated":true}]}}