{"id":4076,"date":"2008-06-04T13:06:35","date_gmt":"2008-06-04T11:06:35","guid":{"rendered":"http:\/\/www.feuerwehrkostheim.de\/?p=4076"},"modified":"2018-06-02T14:08:36","modified_gmt":"2018-06-02T13:08:36","slug":"schweres-unwetter-ueber-wiesbaden-nordenstadt-regelrecht-vollgelaufen","status":"publish","type":"post","link":"https:\/\/www.feuerwehrkostheim.de\/?p=4076","title":{"rendered":"Schweres Unwetter \u00fcber Wiesbaden &#8211; &#8220;Nordenstadt regelrecht Vollgelaufen&#8221;"},"content":{"rendered":"<p><img loading=\"lazy\" decoding=\"async\" class=\"alignleft\" title=\"Einsatz-Logo\" src=\"http:\/\/www.feuerwehrkostheim.de\/wp-content\/bilder\/sonstige\/logo_einsatz.jpg\" alt=\"Einsatz-Logo\" width=\"100\" height=\"100\" \/><strong>02. Juni 2008 &#8211; 23:47 Uhr<\/strong><br \/>\n<strong>Stadtgebiet Wiesbaden \/ Nordenstadt<\/strong><br \/>\nFF-Einheit<\/p>\n<p>Schon die letzten Tage war in den Medien immer wieder \u00fcber verheerende Unwetter im S\u00fcdwesten Deutschlands berichtet worden. Das Stadtgebiet Wiesbaden wurde bis zum sp\u00e4ten Abend des 02. Juni davon verschont. Doch an diesem Abend brachte ein heftiger Gewitterregen neben Blitz und Donner auch ernome Regenmengen mit sich. Speziell die \u00f6stlichen Vororte von Wiesbaden waren davon betroffen. Berichten zu Folge, seien vereinzelt bis zu 45l Regen pro Quadratmeter und Stunde gemessen worden.<\/p>\n<p><!--more--><br \/>\nMit unter den ersten Freiwilligen Feuerwehren die in dieser Nacht alarmiert worden waren, war die FF Kostheim. Mit allen drei Einsatzfahrzeugen und zus\u00e4tzlichen I-Saugern sowie Wasserschiebern, wurden alleine von den Kostheimern 9 unterschiedliche Einsatzstellen &#8211; \u00fcberwiegend in Nordenstadt, aber auch in Kostheim und Biebrich angefahren. In den meisten F\u00e4llen waren Wassermassen in die Keller eingedrungen, die mit den speziellen Saugern aufgenommen wurden.<br \/>\nDie mitunter gr\u00f6\u00dfte Einsatzstelle, bei der unsere Wehr t\u00e4tig wurde, war der Praktiker-Baumarkt in Nordenstadt. Dort stand der gesammte Geb\u00e4udekomplex mit Verkaufsraum, B\u00fcro- und Sozialr\u00e4umen ca. 5 cm unter Wasser. Alleine hier waren zwei Fahrzeugbesatzungen knapp 3 Stunden t\u00e4tig.<\/p>\n<p>Bis in den fr\u00fchen Vormittag hinein, wurde ein Einsatz nach dem anderen abgearbeitet. Kurz nach 6 Uhr wurde die Feuerwehr Kostheim aus dem Unwettereinsatz ausgel\u00f6st und konnte wieder einr\u00fccken. Um kurz nach halb Sieben waren die Fahrzeuge wieder einsatzbereit im Ger\u00e4tehaus versammelt.<\/p>\n<p>Aufgrund der Ausma\u00dfe, die das Gewittertief hinterlassen hatte, waren fast alle Feuerwehren des Stadtkreises Wiesbaden alarmiert. Vorwiegend war der Schwerpunkt der Eins\u00e4tze in Nordenstadt angesiedelt, wo kaum ein Stra\u00dfenzug ohne vollgelaufenen Keller blieb.<\/p>\n","protected":false},"excerpt":{"rendered":"<p>02. Juni 2008 &#8211; 23:47 Uhr Stadtgebiet Wiesbaden \/ Nordenstadt FF-Einheit Schon die letzten Tage war in den Medien immer wieder \u00fcber verheerende Unwetter im S\u00fcdwesten Deutschlands berichtet worden. Das Stadtgebiet Wiesbaden wurde bis zum sp\u00e4ten Abend des 02. Juni davon verschont. Doch an diesem Abend brachte ein heftiger Gewitterregen neben Blitz und Donner auch [&hellip;]<\/p>\n","protected":false},"author":1,"featured_media":0,"comment_status":"closed","ping_status":"open","sticky":false,"template":"","format":"standard","meta":{"_et_pb_use_builder":"","_et_pb_old_content":"","_et_gb_content_width":"","_crdt_document":"","footnotes":""},"categories":[5],"tags":[1066,89,238],"class_list":["post-4076","post","type-post","status-publish","format-standard","hentry","category-einsatze","tag-starkregen","tag-unwetter","tag-wasserschaden"],"_links":{"self":[{"href":"https:\/\/www.feuerwehrkostheim.de\/index.php?rest_route=\/wp\/v2\/posts\/4076","targetHints":{"allow":["GET"]}}],"collection":[{"href":"https:\/\/www.feuerwehrkostheim.de\/index.php?rest_route=\/wp\/v2\/posts"}],"about":[{"href":"https:\/\/www.feuerwehrkostheim.de\/index.php?rest_route=\/wp\/v2\/types\/post"}],"author":[{"embeddable":true,"href":"https:\/\/www.feuerwehrkostheim.de\/index.php?rest_route=\/wp\/v2\/users\/1"}],"replies":[{"embeddable":true,"href":"https:\/\/www.feuerwehrkostheim.de\/index.php?rest_route=%2Fwp%2Fv2%2Fcomments&post=4076"}],"version-history":[{"count":0,"href":"https:\/\/www.feuerwehrkostheim.de\/index.php?rest_route=\/wp\/v2\/posts\/4076\/revisions"}],"wp:attachment":[{"href":"https:\/\/www.feuerwehrkostheim.de\/index.php?rest_route=%2Fwp%2Fv2%2Fmedia&parent=4076"}],"wp:term":[{"taxonomy":"category","embeddable":true,"href":"https:\/\/www.feuerwehrkostheim.de\/index.php?rest_route=%2Fwp%2Fv2%2Fcategories&post=4076"},{"taxonomy":"post_tag","embeddable":true,"href":"https:\/\/www.feuerwehrkostheim.de\/index.php?rest_route=%2Fwp%2Fv2%2Ftags&post=4076"}],"curies":[{"name":"wp","href":"https:\/\/api.w.org\/{rel}","templated":true}]}}