{"id":4064,"date":"2008-06-25T18:38:18","date_gmt":"2008-06-25T16:38:18","guid":{"rendered":"http:\/\/www.feuerwehrkostheim.de\/?p=4064"},"modified":"2018-06-02T14:08:36","modified_gmt":"2018-06-02T13:08:36","slug":"unwetter-mit-starkregen-ueber-kostheim","status":"publish","type":"post","link":"https:\/\/www.feuerwehrkostheim.de\/?p=4064","title":{"rendered":"Unwetter mit Starkregen \u00fcber Kostheim"},"content":{"rendered":"<p><img loading=\"lazy\" decoding=\"async\" class=\"alignleft\" title=\"Einsatz-Logo\" src=\"http:\/\/www.feuerwehrkostheim.de\/wp-content\/bilder\/sonstige\/logo_einsatz.jpg\" alt=\"Einsatz-Logo\" width=\"100\" height=\"100\" \/><strong>25. Juni 2008 &#8211; 13:31 Uhr<\/strong><br \/>\n<strong>Ortsgebiet Kostheim<\/strong><br \/>\nFF-Einheit<\/p>\n<p><a title=\"Unwetter mit Starkregen \u00fcber Kostheim - 25.06.08 von FF-Kostheim bei Flickr\" href=\"http:\/\/www.flickr.com\/photos\/ffkostheim\/sets\/72157605808582528\/\" target=\"_blank\" rel=\"noopener\"><img loading=\"lazy\" decoding=\"async\" class=\"alignright\" style=\"float: right;\" src=\"http:\/\/farm3.static.flickr.com\/2365\/2610958410_ef7763aece_m.jpg\" alt=\"Unwetter mit Starkregen \u00fcber Kostheim - 25.06.08\" width=\"240\" height=\"160\" \/><\/a> Nachdem sich gegen 13 Uhr ein gewaltiger Gewitterregen \u00fcber die s\u00fcd\u00f6stlichen Vororte von Wiesbaden ergo\u00df, wurden knapp eine halbe Stunde sp\u00e4ter die Kostheimer Wehr alarmiert. Vorwiegen wurde der Bereich &#8220;Im See&#8221; angefahren, wo fast im kompletten Stra\u00dfenzug Keller vollgelaufen waren.<\/p>\n<p><!--more-->Hier mussten die Wassermassen mit I-Saugern aufgenommen werden. Ebenfals stark betroffen war das Postverteilzentrum Kostheim in der M\u00fcfflingstrasse. Hier stand eine Fl\u00e4che von ca. 150m\u00b2 voll Wasser. In diesem Fall trat das Wasser durch ein defektes Dach in das Geb\u00e4ude ein. Da auch hier die speziellen Sauger von n\u00f6ten waren, diese aber alle in der Stra\u00dfe &#8220;Im See&#8221; eingesetzt waren, wurden die Kameraden aus Kastel nachgefordert.<\/p>\n<p>Nach etwas mehr als 3 Stunden waren alle Einsatzstellen abgearbeitet &#8211; alleine von den Kostheimer Einsatzkr\u00e4ften wurden 8 verschiedene Eins\u00e4tze abgearbeitet.<\/p>\n","protected":false},"excerpt":{"rendered":"<p>25. Juni 2008 &#8211; 13:31 Uhr Ortsgebiet Kostheim FF-Einheit Nachdem sich gegen 13 Uhr ein gewaltiger Gewitterregen \u00fcber die s\u00fcd\u00f6stlichen Vororte von Wiesbaden ergo\u00df, wurden knapp eine halbe Stunde sp\u00e4ter die Kostheimer Wehr alarmiert. Vorwiegen wurde der Bereich &#8220;Im See&#8221; angefahren, wo fast im kompletten Stra\u00dfenzug Keller vollgelaufen waren.<\/p>\n","protected":false},"author":1,"featured_media":0,"comment_status":"closed","ping_status":"open","sticky":false,"template":"","format":"standard","meta":{"_et_pb_use_builder":"","_et_pb_old_content":"","_et_gb_content_width":"","_crdt_document":"","footnotes":""},"categories":[5],"tags":[235,1066,1067,89,238],"class_list":["post-4064","post","type-post","status-publish","format-standard","hentry","category-einsatze","tag-i-sauger","tag-starkregen","tag-ueberschwemmung","tag-unwetter","tag-wasserschaden"],"_links":{"self":[{"href":"https:\/\/www.feuerwehrkostheim.de\/index.php?rest_route=\/wp\/v2\/posts\/4064","targetHints":{"allow":["GET"]}}],"collection":[{"href":"https:\/\/www.feuerwehrkostheim.de\/index.php?rest_route=\/wp\/v2\/posts"}],"about":[{"href":"https:\/\/www.feuerwehrkostheim.de\/index.php?rest_route=\/wp\/v2\/types\/post"}],"author":[{"embeddable":true,"href":"https:\/\/www.feuerwehrkostheim.de\/index.php?rest_route=\/wp\/v2\/users\/1"}],"replies":[{"embeddable":true,"href":"https:\/\/www.feuerwehrkostheim.de\/index.php?rest_route=%2Fwp%2Fv2%2Fcomments&post=4064"}],"version-history":[{"count":0,"href":"https:\/\/www.feuerwehrkostheim.de\/index.php?rest_route=\/wp\/v2\/posts\/4064\/revisions"}],"wp:attachment":[{"href":"https:\/\/www.feuerwehrkostheim.de\/index.php?rest_route=%2Fwp%2Fv2%2Fmedia&parent=4064"}],"wp:term":[{"taxonomy":"category","embeddable":true,"href":"https:\/\/www.feuerwehrkostheim.de\/index.php?rest_route=%2Fwp%2Fv2%2Fcategories&post=4064"},{"taxonomy":"post_tag","embeddable":true,"href":"https:\/\/www.feuerwehrkostheim.de\/index.php?rest_route=%2Fwp%2Fv2%2Ftags&post=4064"}],"curies":[{"name":"wp","href":"https:\/\/api.w.org\/{rel}","templated":true}]}}