{"id":4058,"date":"2008-07-11T11:39:25","date_gmt":"2008-07-11T09:39:25","guid":{"rendered":"http:\/\/www.feuerwehrkostheim.de\/?p=4058"},"modified":"2018-06-02T14:08:35","modified_gmt":"2018-06-02T13:08:35","slug":"brennende-grossraummuelltonne-behinderung-durch-falschparker","status":"publish","type":"post","link":"https:\/\/www.feuerwehrkostheim.de\/?p=4058","title":{"rendered":"Brennende Gro\u00dfraumm\u00fclltonne &#8211; Behinderung durch Falschparker"},"content":{"rendered":"<p><img loading=\"lazy\" decoding=\"async\" class=\"alignleft\" title=\"Einsatz-Logo\" src=\"http:\/\/www.feuerwehrkostheim.de\/wp-content\/bilder\/sonstige\/logo_einsatz.jpg\" alt=\"Einsatz-Logo\" width=\"100\" height=\"100\" \/><strong>11. Juli 2008 &#8211; 03:20 Uhr<\/strong><br \/>\n<strong>Passauer Stra\u00dfe 82-84<\/strong><br \/>\nEinzelfahrzeugalarmierung<\/p>\n<p><a title=\"Brennende Gro\u00dfraumm\u00fclltonne - 11.07.08 von FF-Kostheim bei Flickr\" href=\"http:\/\/www.flickr.com\/photos\/ffkostheim\/sets\/72157606110209273\/\" target=\"_blank\" rel=\"noopener\"><img loading=\"lazy\" decoding=\"async\" class=\"alignright\" style=\"float: right;\" src=\"http:\/\/farm4.static.flickr.com\/3079\/2659242174_5a88ef8d96_m.jpg\" alt=\"Brennende Gro\u00dfraumm\u00fclltonne - 11.07.08\" width=\"180\" height=\"240\" \/><\/a>Gegen viertel nach drei lief in der Wiesbadener Leitstelle der Notruf ein, in der Kostheimer Passauer Stra\u00dfe brenne eine Gro\u00dfraumm\u00fclltonne und diese steht in der N\u00e4he von zwei geparkten PKW\u00b4s. Im Normalfall r\u00fcckt hierzu nur die Berufsfeuerwehr mit einem L\u00f6schfahrzeug aus, wegen der Gef\u00e4hrdung der abgestellten Fahrzeuge wurde zus\u00e4tzlich die Kostheimer Wehr mit einem L\u00f6schfahrzeug alarmiert. Beim Eintreffen der Einsatzkr\u00e4fte war das Feuer von aufmerksamen Anwohnern schon gr\u00f6\u00dftenteils gel\u00f6scht, sodass von den Kostheimern lediglich Nachl\u00f6scharbeiten mit einem C-Rohr durchgef\u00fchrt werden mussten.<\/p>\n<p><strong>Anfahrt durch Falschparker verz\u00f6gert !<\/strong><\/p>\n<p>Schlimmer als die abgebrannte M\u00fclltonne, ist der Umstand, dass die anr\u00fcckenden Einsatzkr\u00e4fte mit ihren L\u00f6schfahrzeugen durch falsch geparkte Fahrzeuge enorm behindert wurden. Die Kr\u00e4fte der Berufs- und Frewilligen Feuerwehr hatten sich regelrecht festgefahren und konnten nur m\u00fchsam und mit gro\u00dfer Zeitverz\u00f6gerung die eigentliche Einsatzstelle erreichen. Bei diesem Einsatz bleibt der unsch\u00f6ne Umstand ohne Folgen, sind aber Menschenleben in Gefahr, bedeutet dies den Verlust wichtiger Sekunden &#8211; die in einem solchen Fall entscheidend sein k\u00f6nnen.<\/p>\n<p><em>Wir m\u00f6chten aus diesem Grund noch einmal eindringlichst an alle Fahrzeughalter appellieren, beim Parken darauf zu achten, dass keine Behinderungen von dem Fahrzeug ausgehen, die Kurvenbereiche frei bleiben und die geltenden Halteverbote eingehalten werden.<\/em><\/p>\n","protected":false},"excerpt":{"rendered":"<p>11. Juli 2008 &#8211; 03:20 Uhr Passauer Stra\u00dfe 82-84 Einzelfahrzeugalarmierung Gegen viertel nach drei lief in der Wiesbadener Leitstelle der Notruf ein, in der Kostheimer Passauer Stra\u00dfe brenne eine Gro\u00dfraumm\u00fclltonne und diese steht in der N\u00e4he von zwei geparkten PKW\u00b4s. Im Normalfall r\u00fcckt hierzu nur die Berufsfeuerwehr mit einem L\u00f6schfahrzeug aus, wegen der Gef\u00e4hrdung der [&hellip;]<\/p>\n","protected":false},"author":1,"featured_media":0,"comment_status":"closed","ping_status":"open","sticky":false,"template":"","format":"standard","meta":{"_et_pb_use_builder":"","_et_pb_old_content":"","_et_gb_content_width":"","_crdt_document":"","footnotes":""},"categories":[5],"tags":[50,31,49,48],"class_list":["post-4058","post","type-post","status-publish","format-standard","hentry","category-einsatze","tag-brand","tag-feuer","tag-gmt","tag-mulltonnen"],"_links":{"self":[{"href":"https:\/\/www.feuerwehrkostheim.de\/index.php?rest_route=\/wp\/v2\/posts\/4058","targetHints":{"allow":["GET"]}}],"collection":[{"href":"https:\/\/www.feuerwehrkostheim.de\/index.php?rest_route=\/wp\/v2\/posts"}],"about":[{"href":"https:\/\/www.feuerwehrkostheim.de\/index.php?rest_route=\/wp\/v2\/types\/post"}],"author":[{"embeddable":true,"href":"https:\/\/www.feuerwehrkostheim.de\/index.php?rest_route=\/wp\/v2\/users\/1"}],"replies":[{"embeddable":true,"href":"https:\/\/www.feuerwehrkostheim.de\/index.php?rest_route=%2Fwp%2Fv2%2Fcomments&post=4058"}],"version-history":[{"count":0,"href":"https:\/\/www.feuerwehrkostheim.de\/index.php?rest_route=\/wp\/v2\/posts\/4058\/revisions"}],"wp:attachment":[{"href":"https:\/\/www.feuerwehrkostheim.de\/index.php?rest_route=%2Fwp%2Fv2%2Fmedia&parent=4058"}],"wp:term":[{"taxonomy":"category","embeddable":true,"href":"https:\/\/www.feuerwehrkostheim.de\/index.php?rest_route=%2Fwp%2Fv2%2Fcategories&post=4058"},{"taxonomy":"post_tag","embeddable":true,"href":"https:\/\/www.feuerwehrkostheim.de\/index.php?rest_route=%2Fwp%2Fv2%2Ftags&post=4058"}],"curies":[{"name":"wp","href":"https:\/\/api.w.org\/{rel}","templated":true}]}}