{"id":4039,"date":"2008-08-24T11:35:37","date_gmt":"2008-08-24T09:35:37","guid":{"rendered":"http:\/\/www.feuerwehrkostheim.de\/?p=4039"},"modified":"2018-06-02T14:08:35","modified_gmt":"2018-06-02T13:08:35","slug":"unterstuetzung-der-werkfeuerwehr-sca","status":"publish","type":"post","link":"https:\/\/www.feuerwehrkostheim.de\/?p=4039","title":{"rendered":"Unterst\u00fctzung der Werkfeuerwehr SCA"},"content":{"rendered":"<p><img loading=\"lazy\" decoding=\"async\" class=\"alignleft\" title=\"Einsatz-Logo\" src=\"http:\/\/www.feuerwehrkostheim.de\/wp-content\/bilder\/sonstige\/logo_einsatz.jpg\" alt=\"Einsatz-Logo\" width=\"100\" height=\"100\" \/><strong>24. August<\/strong><strong> 2008 &#8211; 0:53 Uhr<\/strong><br \/>\n<strong>Hauptstra\u00dfe 1 &#8211; Firma SCA<\/strong><br \/>\nFF-Einheit<\/p>\n<p>Aufgrund der Meldung der ausr\u00fcckenden Werkfeuerwehr, sie r\u00fccke zu einem Feuer aus, wurde neben den Einheiten der Berufsfeuerwehr auch die Kameraden der Kostheimer Wehr alarmiert. Doch relativ schnell stellte sich heraus, dass es sich nur um ein kleines Feuer handele, was schnell gel\u00f6scht werden konnte. Aus diesem Grund wurden die sich auf der Anfahrt befindlichen Kr\u00e4fte wieder abbstellt.<\/p>\n","protected":false},"excerpt":{"rendered":"<p>24. August 2008 &#8211; 0:53 Uhr Hauptstra\u00dfe 1 &#8211; Firma SCA FF-Einheit Aufgrund der Meldung der ausr\u00fcckenden Werkfeuerwehr, sie r\u00fccke zu einem Feuer aus, wurde neben den Einheiten der Berufsfeuerwehr auch die Kameraden der Kostheimer Wehr alarmiert. Doch relativ schnell stellte sich heraus, dass es sich nur um ein kleines Feuer handele, was schnell gel\u00f6scht [&hellip;]<\/p>\n","protected":false},"author":1,"featured_media":0,"comment_status":"closed","ping_status":"open","sticky":false,"template":"","format":"standard","meta":{"_et_pb_use_builder":"","_et_pb_old_content":"","_et_gb_content_width":"","_crdt_document":"","footnotes":""},"categories":[5],"tags":[50,31,230,38],"class_list":["post-4039","post","type-post","status-publish","format-standard","hentry","category-einsatze","tag-brand","tag-feuer","tag-sca","tag-werkfeuerwehr"],"_links":{"self":[{"href":"https:\/\/www.feuerwehrkostheim.de\/index.php?rest_route=\/wp\/v2\/posts\/4039","targetHints":{"allow":["GET"]}}],"collection":[{"href":"https:\/\/www.feuerwehrkostheim.de\/index.php?rest_route=\/wp\/v2\/posts"}],"about":[{"href":"https:\/\/www.feuerwehrkostheim.de\/index.php?rest_route=\/wp\/v2\/types\/post"}],"author":[{"embeddable":true,"href":"https:\/\/www.feuerwehrkostheim.de\/index.php?rest_route=\/wp\/v2\/users\/1"}],"replies":[{"embeddable":true,"href":"https:\/\/www.feuerwehrkostheim.de\/index.php?rest_route=%2Fwp%2Fv2%2Fcomments&post=4039"}],"version-history":[{"count":0,"href":"https:\/\/www.feuerwehrkostheim.de\/index.php?rest_route=\/wp\/v2\/posts\/4039\/revisions"}],"wp:attachment":[{"href":"https:\/\/www.feuerwehrkostheim.de\/index.php?rest_route=%2Fwp%2Fv2%2Fmedia&parent=4039"}],"wp:term":[{"taxonomy":"category","embeddable":true,"href":"https:\/\/www.feuerwehrkostheim.de\/index.php?rest_route=%2Fwp%2Fv2%2Fcategories&post=4039"},{"taxonomy":"post_tag","embeddable":true,"href":"https:\/\/www.feuerwehrkostheim.de\/index.php?rest_route=%2Fwp%2Fv2%2Ftags&post=4039"}],"curies":[{"name":"wp","href":"https:\/\/api.w.org\/{rel}","templated":true}]}}