{"id":4012,"date":"2008-10-17T23:30:14","date_gmt":"2008-10-17T21:30:14","guid":{"rendered":"http:\/\/www.feuerwehrkostheim.de\/?p=4012"},"modified":"2018-06-02T14:08:34","modified_gmt":"2018-06-02T13:08:34","slug":"jugendfeuerwehr-hinter-gitter-durchgang-durch-die-atemschutzstrecke","status":"publish","type":"post","link":"https:\/\/www.feuerwehrkostheim.de\/?p=4012","title":{"rendered":"Jugendfeuerwehr hinter Gitter &#8211; Durchgang durch die Atemschutzstrecke"},"content":{"rendered":"<p><a title=\"Atemschutz\u00fcbung der Jugendfeuerwehr - 17.10.08 von FF-Kostheim bei Flickr\" href=\"http:\/\/www.flickr.com\/photos\/ffkostheim\/sets\/72157608165387020\/\" target=\"_blank\" rel=\"noopener\"><img loading=\"lazy\" decoding=\"async\" class=\"alignleft\" src=\"http:\/\/farm4.static.flickr.com\/3029\/2953683725_52bdccbd40_m.jpg\" alt=\"Atemschutz\u00fcbung der Jugendfeuerwehr - 17.10.08 \" width=\"240\" height=\"160\" \/><\/a> Weil es bei der Feuerwehr dazugeh\u00f6rt, wie das L\u00f6schen mit Wasser, wurde in der letzten \u00dcbung der Jugendfeuerwehr das Thema Atemschutz etwas detaillierter behandelt. Zwar verbieten es die Vorschriften, das Jugendliche mit den Ger\u00e4ten praktische \u00dcbungen bestreiten, jedoch hierf\u00fcr haben wir in Kostheim die speziell angefertigten &#8220;Attrappen&#8221;, die den echten Ger\u00e4ten zum verwechseln \u00e4hnlich sehen.<\/p>\n<p><!--more--><br \/>\n<a title=\"Atemschutz\u00fcbung der Jugendfeuerwehr - 17.10.08 von FF-Kostheim bei Flickr\" href=\"http:\/\/www.flickr.com\/photos\/ffkostheim\/sets\/72157608165387020\/\" target=\"_blank\" rel=\"noopener\"><img loading=\"lazy\" decoding=\"async\" class=\"alignright\" src=\"http:\/\/farm4.static.flickr.com\/3145\/2953682537_f522f17c8a_m.jpg\" alt=\"Atemschutz\u00fcbung der Jugendfeuerwehr - 17.10.08 \" width=\"240\" height=\"160\" \/><\/a>Zu Beginn gab es einen theoretischen Teil, bei dem grob die wichtigsten Dinge angerissen wurden, die rund um das Thema Atemschutz bei der Feuerwehr wichtig sind: Welche Voraussetzungen sind n\u00f6tig um Atemschutz benutzen zu d\u00fcrfen, wie sind die Ger\u00e4te aufgebaut, welche Sicherheitseinrichtungen gibt es und wie l\u00e4uft ein Atemschutzeinsatz in der Praxis ab? Viele Grundlagen, die speziell in diesem mitunter gef\u00e4hrlichstem &#8220;Fach&#8221; der Feuerwehr zu erw\u00e4hnen sind.<\/p>\n<p>Nach knapp einer Stunde machte man sich auf den Weg zur Feuerwache 2, in der die Atemschutzstrecke der Wiesbadener Berufsfeuerwehr untergebracht ist. Jeder Atemschutzger\u00e4tetr\u00e4ger muss ein mal in jedem Jahr diese Strecke durchlaufen. Neben der eigentlichen Strecke, die \u00e4hnlich einem Baukastensystem zusammengesetzt ist, muss hier noch eine Endlosleiter, das Laufband und eine Runde auf einem Rad bestritten werden.<\/p>\n<p>Zu Beginn gab es eine kurze Einweisung von den Kameraden der Berufsfeuerwehr, bevor dann Truppweise losgelegt werden konnte.<\/p>\n<p><a title=\"Atemschutz\u00fcbung der Jugendfeuerwehr - 17.10.08 von FF-Kostheim bei Flickr\" href=\"http:\/\/www.flickr.com\/photos\/ffkostheim\/sets\/72157608165387020\/\" target=\"_blank\" rel=\"noopener\"><img loading=\"lazy\" decoding=\"async\" class=\"alignleft\" src=\"http:\/\/farm4.static.flickr.com\/3044\/2954533336_a2406df50b_m.jpg\" alt=\"Atemschutz\u00fcbung der Jugendfeuerwehr - 17.10.08 \" width=\"160\" height=\"240\" \/><\/a> Anfangs durfte jeder im Wechsel die Endlosleiter und das Laufband laufen. Danach wurden die \u00dcbungs-Ger\u00e4te angelegt und es ging in die Strecke. Hier kam man sich vor wie in einem Gef\u00e4ngnis. Zur besseren Kontrolle ist der Weg mit Gittern gestaltet, sodass man zu jeder Zeit den Trupp beobachten kann. Im Gegensatz zu einem richtigen Durchgang von Kameraden der Einsatzabteilung wurde heute auf das Abschalten des Lichtes und die Verrauchung verzichtet. Aber auch so war es Interessant genug, die in die Strecke eingebauten Hindernisse in Form von Leitern, R\u00f6hren und Klappen zu \u00fcberwinden. Am Ausgang wieder angekommen, war einigen die Anstrengung anzusehen. Es gab aber auch einige die es sich nicht nehmen lie\u00dfen noch einmal den Weg durch den Gittergang zu unternehmen.<\/p>\n<p>Wer nach der anspruchsvollen Tour noch gen\u00fcgend Luft hatte, durfte dann zum Abschluss noch eine Runde auf dem fahrrad\u00e4hnlichen Ergometer drehen.<\/p>\n<p>Als alle mindestens einen Durchgang hinter sich hatten, bedankte man sich bei den zwei Kameraden der Berufsfeuerwehr und machte sich wieder auf den Heimweg. Dieser gestaltete sich ungewohnt ruhig, denn auf den Fahrzeugen war eine solche Stille zu vernehmen, als ob niemand mitfahren w\u00fcrde. Woher das wohl kam &#8230;.?<\/p>\n","protected":false},"excerpt":{"rendered":"<p>Weil es bei der Feuerwehr dazugeh\u00f6rt, wie das L\u00f6schen mit Wasser, wurde in der letzten \u00dcbung der Jugendfeuerwehr das Thema Atemschutz etwas detaillierter behandelt. Zwar verbieten es die Vorschriften, das Jugendliche mit den Ger\u00e4ten praktische \u00dcbungen bestreiten, jedoch hierf\u00fcr haben wir in Kostheim die speziell angefertigten &#8220;Attrappen&#8221;, die den echten Ger\u00e4ten zum verwechseln \u00e4hnlich sehen.<\/p>\n","protected":false},"author":1,"featured_media":0,"comment_status":"closed","ping_status":"open","sticky":false,"template":"","format":"standard","meta":{"_et_pb_use_builder":"","_et_pb_old_content":"","_et_gb_content_width":"","_crdt_document":"","footnotes":""},"categories":[7],"tags":[44,242,828,1048,105],"class_list":["post-4012","post","type-post","status-publish","format-standard","hentry","category-jugendfeuerwehr","tag-atemschutz","tag-feuerwache-2","tag-jugendfeuerwehr","tag-strecke","tag-ubung"],"_links":{"self":[{"href":"https:\/\/www.feuerwehrkostheim.de\/index.php?rest_route=\/wp\/v2\/posts\/4012","targetHints":{"allow":["GET"]}}],"collection":[{"href":"https:\/\/www.feuerwehrkostheim.de\/index.php?rest_route=\/wp\/v2\/posts"}],"about":[{"href":"https:\/\/www.feuerwehrkostheim.de\/index.php?rest_route=\/wp\/v2\/types\/post"}],"author":[{"embeddable":true,"href":"https:\/\/www.feuerwehrkostheim.de\/index.php?rest_route=\/wp\/v2\/users\/1"}],"replies":[{"embeddable":true,"href":"https:\/\/www.feuerwehrkostheim.de\/index.php?rest_route=%2Fwp%2Fv2%2Fcomments&post=4012"}],"version-history":[{"count":0,"href":"https:\/\/www.feuerwehrkostheim.de\/index.php?rest_route=\/wp\/v2\/posts\/4012\/revisions"}],"wp:attachment":[{"href":"https:\/\/www.feuerwehrkostheim.de\/index.php?rest_route=%2Fwp%2Fv2%2Fmedia&parent=4012"}],"wp:term":[{"taxonomy":"category","embeddable":true,"href":"https:\/\/www.feuerwehrkostheim.de\/index.php?rest_route=%2Fwp%2Fv2%2Fcategories&post=4012"},{"taxonomy":"post_tag","embeddable":true,"href":"https:\/\/www.feuerwehrkostheim.de\/index.php?rest_route=%2Fwp%2Fv2%2Ftags&post=4012"}],"curies":[{"name":"wp","href":"https:\/\/api.w.org\/{rel}","templated":true}]}}