{"id":3934,"date":"2017-12-17T19:00:58","date_gmt":"2017-12-17T17:00:58","guid":{"rendered":"http:\/\/www.feuerwehrkostheim.de\/?p=3934"},"modified":"2018-06-02T14:03:30","modified_gmt":"2018-06-02T13:03:30","slug":"zahlreiche-ehrungen-und-befoerderungen-kostheimer-wehr-praesentiert-sich-als-starke-truppe","status":"publish","type":"post","link":"https:\/\/www.feuerwehrkostheim.de\/?p=3934","title":{"rendered":"Zahlreiche Ehrungen und Bef\u00f6rderungen &#8211; Kostheimer Wehr pr\u00e4sentiert sich als starke Truppe"},"content":{"rendered":"<p>Wenn die Kostheimer Feuerwehr traditionsgem\u00e4\u00df im zweij\u00e4hrigen Abstand zum Jahresende zur Jubilarfeier einl\u00e4dt, wandelt sich die \u00fcblicherweise eher k\u00fchle und funktionelle Fahrzeughalle in einen festlich dekorierten und wohlig anmutenden Festsaal.<\/p>\n<p>Im Mittelpunkt des offiziellen Teils stand, neben den Ehrungen und Bef\u00f6rderungen, ein kleiner R\u00fcckblick in dem Wehrf\u00fchrer Torsten Krimmel die letzten Monate Revue passieren lie\u00df. Das Jahr 2017 war nicht nur von einer Vielzahl an Eins\u00e4tzen gepr\u00e4g; es waren auch einige Veranstaltungen zu absolvieren. Neben der Ausrichtung des eigenen Tag der offenen T\u00fcr waren die Kostheimer Kameraden auch bei dem Tag der offenen T\u00fcr der Feuerwehr Wiesbaden auf der Feuerwache 2 tatkr\u00e4ftig eingebunden. Zus\u00e4tzlich zu dem ohnehin straff gef\u00fcllten Terminkalender machte man sich seit Mitte des Jahres an die Arbeit, den in die Jahre gekommenen Lehrsaal von Grund auf zu renovieren. In unz\u00e4hligen Stunden musste der Raum komplett entkernt und neu aufgebaut werden. In diesem Zuge brachte man den Unterrichtsraum auf den technisch neuesten Stand um auch f\u00fcr die kommenden Jahre ger\u00fcstet zu sein.<\/p>\n<div id=\"attachment_3933\" style=\"width: 650px\" class=\"wp-caption aligncenter\"><a href=\"http:\/\/www.feuerwehrkostheim.de\/wp-content\/uploads\/2017\/12\/PSF_9017-internet.jpg\"><img loading=\"lazy\" decoding=\"async\" aria-describedby=\"caption-attachment-3933\" class=\"wp-image-3933 size-large\" style=\"border: 4px solid #D8D8D8;\" src=\"http:\/\/www.feuerwehrkostheim.de\/wp-content\/uploads\/2017\/12\/PSF_9017-internet-1024x531.jpg\" alt=\"\" width=\"640\" height=\"332\" srcset=\"https:\/\/www.feuerwehrkostheim.de\/wp-content\/uploads\/2017\/12\/PSF_9017-internet-1024x531.jpg 1024w, https:\/\/www.feuerwehrkostheim.de\/wp-content\/uploads\/2017\/12\/PSF_9017-internet-300x156.jpg 300w, https:\/\/www.feuerwehrkostheim.de\/wp-content\/uploads\/2017\/12\/PSF_9017-internet-768x398.jpg 768w\" sizes=\"(max-width: 640px) 100vw, 640px\" \/><\/a><p id=\"caption-attachment-3933\" class=\"wp-caption-text\">Einsatzabteilung im November 2017<\/p><\/div>\n<p>Zu guter Letzt zeigte sich Krimmel \u00e4u\u00dferst stolz, bei dem Blick auf die j\u00fcngste Entwicklung der Einsatzabteilung. Mittlerweile z\u00e4hlt die Kostheimer Feuerwehr mit ihren 37 Kameradinnen und Kameraden zu den personalst\u00e4rksten Wehren in Wiesbaden. Und der Blick in die Zukunft l\u00e4sst einem nicht bange werden \u2013 auch in den kommenden Jahren ist mit weiteren \u00dcbertritten aus der Jugendfeuerwehr zu rechnen. Alleine in den kommenden zwei Jahren stehen insgesamt 9 Jungkameraden in den Startl\u00f6chern um die Einsatzabteilung weiter zu verst\u00e4rken.<\/p>\n<p><!--more--><\/p>\n<p><a href=\"http:\/\/www.feuerwehrkostheim.de\/wp-content\/uploads\/2017\/12\/20171118_134654.jpg\"><img loading=\"lazy\" decoding=\"async\" class=\"alignright size-medium wp-image-3932\" style=\"border: 4px solid #D8D8D8;\" src=\"http:\/\/www.feuerwehrkostheim.de\/wp-content\/uploads\/2017\/12\/20171118_134654-300x225.jpg\" alt=\"\" width=\"300\" height=\"225\" srcset=\"https:\/\/www.feuerwehrkostheim.de\/wp-content\/uploads\/2017\/12\/20171118_134654-300x225.jpg 300w, https:\/\/www.feuerwehrkostheim.de\/wp-content\/uploads\/2017\/12\/20171118_134654-768x576.jpg 768w, https:\/\/www.feuerwehrkostheim.de\/wp-content\/uploads\/2017\/12\/20171118_134654-1024x768.jpg 1024w\" sizes=\"(max-width: 300px) 100vw, 300px\" \/><\/a>Bevor man zu dem gem\u00fctlichen Teil des Abends \u00fcberleitete, wurden folgende Ehrungen und Bef\u00f6rderungen durchgef\u00fchrt.<\/p>\n<p>Vom Feuerwehrverein wurden Klaus Noll f\u00fcr 50 Jahre Mitgliedschaft und J\u00fcrgen Balz f\u00fcr die 40-j\u00e4hrige Vereinstreue ausgezeichnet.<\/p>\n<p>Tobias Steinmetz und Pascal Schuth wurden zum Feuerwehrmann bef\u00f6rdert. Die Bef\u00f6rderung zum Hauptfeuerwehrmann erhielten Tobias Kaiser, Christian Sch\u00e4fer und Fabian Wotzlaw. Svenja Arenz wurde zur Oberfeuerwehrfrau, Mustapha Berchane sowie Daniel Schuth zum Oberfeuerwehrmann bef\u00f6rdert. Mathias Konrad erhielt die Bef\u00f6rderung zum L\u00f6schmeister, Matthias Mayer die zum Oberl\u00f6schmeister. Stellvertretender Wehrf\u00fchrer Michael Stark wurde zum Brandmeister und Wehrf\u00fchrer Torsten Krimmel zum Hauptbrandmeister bef\u00f6rdert.<\/p>\n<p>F\u00fcr mindestens 10 Jahre aktive Dienstzeit in einer Katastrophenschutzeinheit bekamen Bianca Stark, Herbert R\u00f6der, Marc R\u00f6hrig Franco Sapuppo, Martin Guigas und Frank Balz die Katastrophenschutzmedaille in Bronze verliehen.<\/p>\n<p>F\u00fcr mindestens 25 Jahre Dienst im Katastrophenschutz erhielt Andreas H\u00fcbel die Auszeichnung mit der goldenen Katastrophenschutzmedaille.<\/p>\n<p>Das silberne Brandschutzehrenabzeichen f\u00fcr mindestens 25 Jahre aktive Dienstzeit wurde an Michael Stark und das goldene Brandschutzehrenabzeichen f\u00fcr eine mindestens 40-j\u00e4hrige Dienstzeit an J\u00fcrgen Balz verliehen.<\/p>\n<p>Die Ehrungen und Bef\u00f6rderungen wurden durch den Stadtbrandinspektor Thomas Stein sowie dem Abteilungsleiter f\u00fcr Katastrophenschutz der Wiesbadener Berufsfeuerwehr, Andreas Kleber, durchgef\u00fchrt.<\/p>\n","protected":false},"excerpt":{"rendered":"<p>Wenn die Kostheimer Feuerwehr traditionsgem\u00e4\u00df im zweij\u00e4hrigen Abstand zum Jahresende zur Jubilarfeier einl\u00e4dt, wandelt sich die \u00fcblicherweise eher k\u00fchle und funktionelle Fahrzeughalle in einen festlich dekorierten und wohlig anmutenden Festsaal. Im Mittelpunkt des offiziellen Teils stand, neben den Ehrungen und Bef\u00f6rderungen, ein kleiner R\u00fcckblick in dem Wehrf\u00fchrer Torsten Krimmel die letzten Monate Revue passieren lie\u00df. [&hellip;]<\/p>\n","protected":false},"author":1,"featured_media":0,"comment_status":"closed","ping_status":"open","sticky":false,"template":"","format":"standard","meta":{"_et_pb_use_builder":"","_et_pb_old_content":"","_et_gb_content_width":"","_crdt_document":"","footnotes":""},"categories":[4,9,10],"tags":[1043,171,162],"class_list":["post-3934","post","type-post","status-publish","format-standard","hentry","category-einsatzabteilung","category-veranstaltungen","category-verein","tag-befoerderung","tag-ehrungen","tag-jubilarenfeier"],"_links":{"self":[{"href":"https:\/\/www.feuerwehrkostheim.de\/index.php?rest_route=\/wp\/v2\/posts\/3934","targetHints":{"allow":["GET"]}}],"collection":[{"href":"https:\/\/www.feuerwehrkostheim.de\/index.php?rest_route=\/wp\/v2\/posts"}],"about":[{"href":"https:\/\/www.feuerwehrkostheim.de\/index.php?rest_route=\/wp\/v2\/types\/post"}],"author":[{"embeddable":true,"href":"https:\/\/www.feuerwehrkostheim.de\/index.php?rest_route=\/wp\/v2\/users\/1"}],"replies":[{"embeddable":true,"href":"https:\/\/www.feuerwehrkostheim.de\/index.php?rest_route=%2Fwp%2Fv2%2Fcomments&post=3934"}],"version-history":[{"count":0,"href":"https:\/\/www.feuerwehrkostheim.de\/index.php?rest_route=\/wp\/v2\/posts\/3934\/revisions"}],"wp:attachment":[{"href":"https:\/\/www.feuerwehrkostheim.de\/index.php?rest_route=%2Fwp%2Fv2%2Fmedia&parent=3934"}],"wp:term":[{"taxonomy":"category","embeddable":true,"href":"https:\/\/www.feuerwehrkostheim.de\/index.php?rest_route=%2Fwp%2Fv2%2Fcategories&post=3934"},{"taxonomy":"post_tag","embeddable":true,"href":"https:\/\/www.feuerwehrkostheim.de\/index.php?rest_route=%2Fwp%2Fv2%2Ftags&post=3934"}],"curies":[{"name":"wp","href":"https:\/\/api.w.org\/{rel}","templated":true}]}}