{"id":3928,"date":"2017-12-16T14:47:59","date_gmt":"2017-12-16T12:47:59","guid":{"rendered":"http:\/\/www.feuerwehrkostheim.de\/?p=3928"},"modified":"2018-06-02T14:03:30","modified_gmt":"2018-06-02T13:03:30","slug":"gemeldetes-feuer-im-werkstatthof","status":"publish","type":"post","link":"https:\/\/www.feuerwehrkostheim.de\/?p=3928","title":{"rendered":"Gemeldetes Feuer im Werkstatthof"},"content":{"rendered":"<p><img loading=\"lazy\" decoding=\"async\" class=\"alignleft\" title=\"Einsatz-Logo\" src=\"http:\/\/www.feuerwehrkostheim.de\/wp-content\/bilder\/sonstige\/logo_einsatz.jpg\" alt=\"Einsatz-Logo\" width=\"100\" height=\"100\" \/><strong>15. Dezember 2017 &#8211; 21:41 Uhr<\/strong><br \/>\n<strong>Am G\u00fcckelsberg<\/strong><br \/>\nFF-Einheit<br \/>\nEinsatz 105 &#8211; 2017<\/p>\n<p><a href=\"http:\/\/www.feuerwehrkostheim.de\/wp-content\/uploads\/2017\/12\/2017-12-15_Tonnenbrand.jpg\"><img loading=\"lazy\" decoding=\"async\" class=\"alignright size-medium wp-image-3927\" style=\"border: 4px solid #D8D8D8;\" src=\"http:\/\/www.feuerwehrkostheim.de\/wp-content\/uploads\/2017\/12\/2017-12-15_Tonnenbrand-300x225.jpg\" alt=\"\" width=\"300\" height=\"225\" srcset=\"https:\/\/www.feuerwehrkostheim.de\/wp-content\/uploads\/2017\/12\/2017-12-15_Tonnenbrand-300x225.jpg 300w, https:\/\/www.feuerwehrkostheim.de\/wp-content\/uploads\/2017\/12\/2017-12-15_Tonnenbrand-768x576.jpg 768w, https:\/\/www.feuerwehrkostheim.de\/wp-content\/uploads\/2017\/12\/2017-12-15_Tonnenbrand-1024x768.jpg 1024w\" sizes=\"(max-width: 300px) 100vw, 300px\" \/><\/a>Die Kostheimer Feuerwehr wurde am Freitagabend zu einem Brandverdacht im Bereich eines Werkstattbetriebes im G\u00fcckelsberg alarmiert. Per Notruf waren Meldungen \u00fcber ein Feuer sowie eine Rauchentwicklung in der Leitstelle eingegangen.<\/p>\n<p>Neben den freiwilligen Kameraden, die gerade zur letzten \u00dcbung im laufenden Jahr im Ger\u00e4tehaus versammelt waren, r\u00fcckte auch der L\u00f6schzug der Berufsfeuerwehr mit aus. Nach Eintreffen des ersten L\u00f6schfahrzeuges ging der Gruppenf\u00fchrer auf Erkundung und stellte im Hof des Werkstattgel\u00e4ndes ein stark qualmendes Blechfass fest. Den kokelnden Inhalt l\u00f6schte ein Kamerad unter Atemschutz mittels eines Strahlrohres ab. Die Kollegen der Berufsfeuerwehr konnten ihre Anfahrt abbrechen und wieder einr\u00fccken. Der Einsatz f\u00fcr die Feuerwehr Kostheim war nach einer halben Stunde beendet. Das Gel\u00e4nde war zum Zeitpunkt des Einsatzes frei zug\u00e4nglich aber verlassen.<\/p>\n","protected":false},"excerpt":{"rendered":"<p>15. Dezember 2017 &#8211; 21:41 Uhr Am G\u00fcckelsberg FF-Einheit Einsatz 105 &#8211; 2017 Die Kostheimer Feuerwehr wurde am Freitagabend zu einem Brandverdacht im Bereich eines Werkstattbetriebes im G\u00fcckelsberg alarmiert. Per Notruf waren Meldungen \u00fcber ein Feuer sowie eine Rauchentwicklung in der Leitstelle eingegangen. Neben den freiwilligen Kameraden, die gerade zur letzten \u00dcbung im laufenden Jahr [&hellip;]<\/p>\n","protected":false},"author":1,"featured_media":0,"comment_status":"closed","ping_status":"open","sticky":false,"template":"","format":"standard","meta":{"_et_pb_use_builder":"","_et_pb_old_content":"","_et_gb_content_width":"","_crdt_document":"","footnotes":""},"categories":[5],"tags":[1042,31,1041,111,411],"class_list":["post-3928","post","type-post","status-publish","format-standard","hentry","category-einsatze","tag-blechfass","tag-feuer","tag-hof","tag-rauchentwicklung","tag-werkstatt"],"_links":{"self":[{"href":"https:\/\/www.feuerwehrkostheim.de\/index.php?rest_route=\/wp\/v2\/posts\/3928","targetHints":{"allow":["GET"]}}],"collection":[{"href":"https:\/\/www.feuerwehrkostheim.de\/index.php?rest_route=\/wp\/v2\/posts"}],"about":[{"href":"https:\/\/www.feuerwehrkostheim.de\/index.php?rest_route=\/wp\/v2\/types\/post"}],"author":[{"embeddable":true,"href":"https:\/\/www.feuerwehrkostheim.de\/index.php?rest_route=\/wp\/v2\/users\/1"}],"replies":[{"embeddable":true,"href":"https:\/\/www.feuerwehrkostheim.de\/index.php?rest_route=%2Fwp%2Fv2%2Fcomments&post=3928"}],"version-history":[{"count":0,"href":"https:\/\/www.feuerwehrkostheim.de\/index.php?rest_route=\/wp\/v2\/posts\/3928\/revisions"}],"wp:attachment":[{"href":"https:\/\/www.feuerwehrkostheim.de\/index.php?rest_route=%2Fwp%2Fv2%2Fmedia&parent=3928"}],"wp:term":[{"taxonomy":"category","embeddable":true,"href":"https:\/\/www.feuerwehrkostheim.de\/index.php?rest_route=%2Fwp%2Fv2%2Fcategories&post=3928"},{"taxonomy":"post_tag","embeddable":true,"href":"https:\/\/www.feuerwehrkostheim.de\/index.php?rest_route=%2Fwp%2Fv2%2Ftags&post=3928"}],"curies":[{"name":"wp","href":"https:\/\/api.w.org\/{rel}","templated":true}]}}