{"id":3923,"date":"2017-12-08T21:30:59","date_gmt":"2017-12-08T19:30:59","guid":{"rendered":"http:\/\/www.feuerwehrkostheim.de\/?p=3923"},"modified":"2018-06-02T14:03:30","modified_gmt":"2018-06-02T13:03:30","slug":"wachbesetzung-wegen-wohnungsbrand-in-rambach","status":"publish","type":"post","link":"https:\/\/www.feuerwehrkostheim.de\/?p=3923","title":{"rendered":"Wachbesetzung wegen Wohnungsbrand in Rambach"},"content":{"rendered":"<p><img loading=\"lazy\" decoding=\"async\" class=\"alignleft\" title=\"Einsatz-Logo\" src=\"http:\/\/www.feuerwehrkostheim.de\/wp-content\/bilder\/sonstige\/logo_einsatz.jpg\" alt=\"Einsatz-Logo\" width=\"100\" height=\"100\" \/><strong>09. Mai 2017 &#8211; 13:22 Uhr<\/strong><br \/>\n<strong>Feuerwache 2<\/strong><br \/>\nFF-Einheit \/ Alarmgruppe mit FF-Kastel<br \/>\nEinsatz 104 &#8211; 2017<\/p>\n<p>Aufgrund eines ausgedehnten <a href=\"http:\/\/www.wiesbaden112.de\/wohnungsbrand-in-rambach-macht-mehrfamilienhaus-unbewohnbar\" target=\"_blank\" rel=\"noopener\">Wohnungsbrandes in der Rambacher Ostpreu\u00dfenstra\u00dfe<\/a> waren am Freitagmittag neben den freiwilligen Wehren Sonnenberg sowie Rambach auch Einheiten der Berufsfeuerwehr aller Feuerwachen eingesetzt. Um f\u00fcr eventuell weitere Ein\u00e4tze ger\u00fcstet zu sein, wurden die Feuerwachen 2 und 3 durch weitere freiwillige Feuerwehren besetzt. Da f\u00fcr den Monat Dezember turnusgem\u00e4\u00df die Alarmgruppe der Wehren Kostheim \/ Kastel f\u00fcr die Wache in Kastel vorgesehen ist, erfolgte unmittelbar die Alarmierung zur Wachbesetzung. Die Kostheimer Kameraden konnten jedoch schon nach etwa einer halben Stunde wieder die Heimreise antreten \u2013 das Basis-L\u00f6schfahrzeug wurde bei dem Brand in Rambach nicht ben\u00f6tigt und konnte aus dem Einsatz herausgel\u00f6st werden.<\/p>\n","protected":false},"excerpt":{"rendered":"<p>09. Mai 2017 &#8211; 13:22 Uhr Feuerwache 2 FF-Einheit \/ Alarmgruppe mit FF-Kastel Einsatz 104 &#8211; 2017 Aufgrund eines ausgedehnten Wohnungsbrandes in der Rambacher Ostpreu\u00dfenstra\u00dfe waren am Freitagmittag neben den freiwilligen Wehren Sonnenberg sowie Rambach auch Einheiten der Berufsfeuerwehr aller Feuerwachen eingesetzt. Um f\u00fcr eventuell weitere Ein\u00e4tze ger\u00fcstet zu sein, wurden die Feuerwachen 2 und [&hellip;]<\/p>\n","protected":false},"author":1,"featured_media":0,"comment_status":"closed","ping_status":"open","sticky":false,"template":"","format":"standard","meta":{"_et_pb_use_builder":"","_et_pb_old_content":"","_et_gb_content_width":"","_crdt_document":"","footnotes":""},"categories":[5],"tags":[110,242,243],"class_list":["post-3923","post","type-post","status-publish","format-standard","hentry","category-einsatze","tag-alarmgruppe","tag-feuerwache-2","tag-wachbesetzung"],"_links":{"self":[{"href":"https:\/\/www.feuerwehrkostheim.de\/index.php?rest_route=\/wp\/v2\/posts\/3923","targetHints":{"allow":["GET"]}}],"collection":[{"href":"https:\/\/www.feuerwehrkostheim.de\/index.php?rest_route=\/wp\/v2\/posts"}],"about":[{"href":"https:\/\/www.feuerwehrkostheim.de\/index.php?rest_route=\/wp\/v2\/types\/post"}],"author":[{"embeddable":true,"href":"https:\/\/www.feuerwehrkostheim.de\/index.php?rest_route=\/wp\/v2\/users\/1"}],"replies":[{"embeddable":true,"href":"https:\/\/www.feuerwehrkostheim.de\/index.php?rest_route=%2Fwp%2Fv2%2Fcomments&post=3923"}],"version-history":[{"count":0,"href":"https:\/\/www.feuerwehrkostheim.de\/index.php?rest_route=\/wp\/v2\/posts\/3923\/revisions"}],"wp:attachment":[{"href":"https:\/\/www.feuerwehrkostheim.de\/index.php?rest_route=%2Fwp%2Fv2%2Fmedia&parent=3923"}],"wp:term":[{"taxonomy":"category","embeddable":true,"href":"https:\/\/www.feuerwehrkostheim.de\/index.php?rest_route=%2Fwp%2Fv2%2Fcategories&post=3923"},{"taxonomy":"post_tag","embeddable":true,"href":"https:\/\/www.feuerwehrkostheim.de\/index.php?rest_route=%2Fwp%2Fv2%2Ftags&post=3923"}],"curies":[{"name":"wp","href":"https:\/\/api.w.org\/{rel}","templated":true}]}}