{"id":3871,"date":"2017-11-07T15:02:10","date_gmt":"2017-11-07T13:02:10","guid":{"rendered":"http:\/\/www.feuerwehrkostheim.de\/?p=3871"},"modified":"2018-06-02T14:03:31","modified_gmt":"2018-06-02T13:03:31","slug":"brandverdacht-im-sampelviertel","status":"publish","type":"post","link":"https:\/\/www.feuerwehrkostheim.de\/?p=3871","title":{"rendered":"Brandverdacht im Sampelviertel"},"content":{"rendered":"<p><img loading=\"lazy\" decoding=\"async\" class=\"alignleft\" title=\"Einsatz-Logo\" src=\"http:\/\/www.feuerwehrkostheim.de\/wp-content\/bilder\/sonstige\/logo_einsatz.jpg\" alt=\"Einsatz-Logo\" width=\"100\" height=\"100\" \/><strong>07. November 2017 &#8211; 13:10 Uhr<\/strong><br \/>\n<strong>Mittlerer Sampelweg<\/strong><br \/>\nFF-Einheit \/ Alarmgruppe mit FF-Kastel<br \/>\nEinsatz 98 &#8211; 2017<\/p>\n<p>Eine gemeldete Rauchentwicklung in Verbindung mit Feuerschein f\u00fchrte zu einem Einsatz der Feuerwehren aus Kostheim und Kastel sowie des L\u00f6schzuges der Feuerwache 2. Der Anrufer nannte den Bereich des Mittleren Sampelweges als m\u00f6gliche Einsatzstelle. Nach Eintreffen der Einsatzkr\u00e4fte suchte man die weitr\u00e4umige Umgebung ab und wurde kurze Zeit sp\u00e4t f\u00fcndig. Da es sich um einen gewollten Abbrand handelte, bestand keine Gefahr und die Feuerwehr musste nicht t\u00e4tig werden.<\/p>\n","protected":false},"excerpt":{"rendered":"<p>07. November 2017 &#8211; 13:10 Uhr Mittlerer Sampelweg FF-Einheit \/ Alarmgruppe mit FF-Kastel Einsatz 98 &#8211; 2017 Eine gemeldete Rauchentwicklung in Verbindung mit Feuerschein f\u00fchrte zu einem Einsatz der Feuerwehren aus Kostheim und Kastel sowie des L\u00f6schzuges der Feuerwache 2. Der Anrufer nannte den Bereich des Mittleren Sampelweges als m\u00f6gliche Einsatzstelle. Nach Eintreffen der Einsatzkr\u00e4fte [&hellip;]<\/p>\n","protected":false},"author":1,"featured_media":0,"comment_status":"closed","ping_status":"open","sticky":false,"template":"","format":"standard","meta":{"_et_pb_use_builder":"","_et_pb_old_content":"","_et_gb_content_width":"","_crdt_document":"","footnotes":""},"categories":[5],"tags":[110,112,111],"class_list":["post-3871","post","type-post","status-publish","format-standard","hentry","category-einsatze","tag-alarmgruppe","tag-brandverdacht","tag-rauchentwicklung"],"_links":{"self":[{"href":"https:\/\/www.feuerwehrkostheim.de\/index.php?rest_route=\/wp\/v2\/posts\/3871","targetHints":{"allow":["GET"]}}],"collection":[{"href":"https:\/\/www.feuerwehrkostheim.de\/index.php?rest_route=\/wp\/v2\/posts"}],"about":[{"href":"https:\/\/www.feuerwehrkostheim.de\/index.php?rest_route=\/wp\/v2\/types\/post"}],"author":[{"embeddable":true,"href":"https:\/\/www.feuerwehrkostheim.de\/index.php?rest_route=\/wp\/v2\/users\/1"}],"replies":[{"embeddable":true,"href":"https:\/\/www.feuerwehrkostheim.de\/index.php?rest_route=%2Fwp%2Fv2%2Fcomments&post=3871"}],"version-history":[{"count":0,"href":"https:\/\/www.feuerwehrkostheim.de\/index.php?rest_route=\/wp\/v2\/posts\/3871\/revisions"}],"wp:attachment":[{"href":"https:\/\/www.feuerwehrkostheim.de\/index.php?rest_route=%2Fwp%2Fv2%2Fmedia&parent=3871"}],"wp:term":[{"taxonomy":"category","embeddable":true,"href":"https:\/\/www.feuerwehrkostheim.de\/index.php?rest_route=%2Fwp%2Fv2%2Fcategories&post=3871"},{"taxonomy":"post_tag","embeddable":true,"href":"https:\/\/www.feuerwehrkostheim.de\/index.php?rest_route=%2Fwp%2Fv2%2Ftags&post=3871"}],"curies":[{"name":"wp","href":"https:\/\/api.w.org\/{rel}","templated":true}]}}