{"id":3859,"date":"2017-11-05T19:43:03","date_gmt":"2017-11-05T17:43:03","guid":{"rendered":"http:\/\/www.feuerwehrkostheim.de\/?p=3859"},"modified":"2018-06-02T14:03:31","modified_gmt":"2018-06-02T13:03:31","slug":"totengedenkfeier-des-kostheimer-vereinsrings","status":"publish","type":"post","link":"https:\/\/www.feuerwehrkostheim.de\/?p=3859","title":{"rendered":"Totengedenkfeier des Kostheimer Vereinsrings"},"content":{"rendered":"<p><a href=\"http:\/\/www.feuerwehrkostheim.de\/wp-content\/uploads\/2017\/11\/20171105_Totengedenken1.jpg\"><img loading=\"lazy\" decoding=\"async\" class=\"alignright size-medium wp-image-3861\" style=\"border: 4px solid #D8D8D8;\" src=\"http:\/\/www.feuerwehrkostheim.de\/wp-content\/uploads\/2017\/11\/20171105_Totengedenken1-300x225.jpg\" alt=\"\" width=\"300\" height=\"225\" srcset=\"https:\/\/www.feuerwehrkostheim.de\/wp-content\/uploads\/2017\/11\/20171105_Totengedenken1-300x225.jpg 300w, https:\/\/www.feuerwehrkostheim.de\/wp-content\/uploads\/2017\/11\/20171105_Totengedenken1-768x576.jpg 768w, https:\/\/www.feuerwehrkostheim.de\/wp-content\/uploads\/2017\/11\/20171105_Totengedenken1-1024x768.jpg 1024w, https:\/\/www.feuerwehrkostheim.de\/wp-content\/uploads\/2017\/11\/20171105_Totengedenken1.jpg 2000w\" sizes=\"(max-width: 300px) 100vw, 300px\" \/><\/a>Auch in diesem Jahr beteiligte sich die Kostheimer Feuerwehr mit einer Fahnenabordnung an der vom Vereinsring Kostheim ausgetragenen Totengedenkfeier. Die Kameraden von Einsatzabteilung, Jugendfeuerwehr sowie der Ehren- und Altersabteilung versammelten sich wie die Vertreter der anderen Ortsvereine in der alten Trauerhalle, wohin man aufgrund des anhaltenden Dauerregens kurzfristig umbauen musste. Im Rahmen dieser Gedenkveranstaltung wird regelm\u00e4\u00dfig nicht nur an die Opfer der vergangenen Kriege und Terrorangriffe gedacht, sondern auch der verstorbenen Vereins- und Familienangeh\u00f6rigen. Musikalisch ausgeschm\u00fcckt durch Kostheimer Ch\u00f6re und den Musikverein legten Vertreter zudem noch in Gedenken an die Verstorbenen Blumenkr\u00e4nze nieder.<\/p>\n<p><a href=\"http:\/\/www.feuerwehrkostheim.de\/wp-content\/uploads\/2017\/11\/20171105_Totengedenken2.jpg\"><img loading=\"lazy\" decoding=\"async\" class=\"aligncenter size-medium wp-image-3860\" style=\"border: 4px solid #D8D8D8;\" src=\"http:\/\/www.feuerwehrkostheim.de\/wp-content\/uploads\/2017\/11\/20171105_Totengedenken2-300x169.jpg\" alt=\"\" width=\"300\" height=\"169\" srcset=\"https:\/\/www.feuerwehrkostheim.de\/wp-content\/uploads\/2017\/11\/20171105_Totengedenken2-300x169.jpg 300w, https:\/\/www.feuerwehrkostheim.de\/wp-content\/uploads\/2017\/11\/20171105_Totengedenken2-768x432.jpg 768w, https:\/\/www.feuerwehrkostheim.de\/wp-content\/uploads\/2017\/11\/20171105_Totengedenken2-1024x575.jpg 1024w, https:\/\/www.feuerwehrkostheim.de\/wp-content\/uploads\/2017\/11\/20171105_Totengedenken2.jpg 2000w\" sizes=\"(max-width: 300px) 100vw, 300px\" \/><\/a><\/p>\n","protected":false},"excerpt":{"rendered":"<p>Auch in diesem Jahr beteiligte sich die Kostheimer Feuerwehr mit einer Fahnenabordnung an der vom Vereinsring Kostheim ausgetragenen Totengedenkfeier. Die Kameraden von Einsatzabteilung, Jugendfeuerwehr sowie der Ehren- und Altersabteilung versammelten sich wie die Vertreter der anderen Ortsvereine in der alten Trauerhalle, wohin man aufgrund des anhaltenden Dauerregens kurzfristig umbauen musste. Im Rahmen dieser Gedenkveranstaltung wird [&hellip;]<\/p>\n","protected":false},"author":1,"featured_media":0,"comment_status":"closed","ping_status":"open","sticky":false,"template":"","format":"standard","meta":{"_et_pb_use_builder":"","_et_pb_old_content":"","_et_gb_content_width":"","_crdt_document":"","footnotes":""},"categories":[4,7],"tags":[169,168,170],"class_list":["post-3859","post","type-post","status-publish","format-standard","hentry","category-einsatzabteilung","category-jugendfeuerwehr","tag-friedhof","tag-totengedenken","tag-vereinsring"],"_links":{"self":[{"href":"https:\/\/www.feuerwehrkostheim.de\/index.php?rest_route=\/wp\/v2\/posts\/3859","targetHints":{"allow":["GET"]}}],"collection":[{"href":"https:\/\/www.feuerwehrkostheim.de\/index.php?rest_route=\/wp\/v2\/posts"}],"about":[{"href":"https:\/\/www.feuerwehrkostheim.de\/index.php?rest_route=\/wp\/v2\/types\/post"}],"author":[{"embeddable":true,"href":"https:\/\/www.feuerwehrkostheim.de\/index.php?rest_route=\/wp\/v2\/users\/1"}],"replies":[{"embeddable":true,"href":"https:\/\/www.feuerwehrkostheim.de\/index.php?rest_route=%2Fwp%2Fv2%2Fcomments&post=3859"}],"version-history":[{"count":0,"href":"https:\/\/www.feuerwehrkostheim.de\/index.php?rest_route=\/wp\/v2\/posts\/3859\/revisions"}],"wp:attachment":[{"href":"https:\/\/www.feuerwehrkostheim.de\/index.php?rest_route=%2Fwp%2Fv2%2Fmedia&parent=3859"}],"wp:term":[{"taxonomy":"category","embeddable":true,"href":"https:\/\/www.feuerwehrkostheim.de\/index.php?rest_route=%2Fwp%2Fv2%2Fcategories&post=3859"},{"taxonomy":"post_tag","embeddable":true,"href":"https:\/\/www.feuerwehrkostheim.de\/index.php?rest_route=%2Fwp%2Fv2%2Ftags&post=3859"}],"curies":[{"name":"wp","href":"https:\/\/api.w.org\/{rel}","templated":true}]}}