{"id":3850,"date":"2017-11-01T20:22:07","date_gmt":"2017-11-01T18:22:07","guid":{"rendered":"http:\/\/www.feuerwehrkostheim.de\/?p=3850"},"modified":"2018-06-02T14:03:31","modified_gmt":"2018-06-02T13:03:31","slug":"pkw-geht-auf-der-autobahn-in-flammen-auf","status":"publish","type":"post","link":"https:\/\/www.feuerwehrkostheim.de\/?p=3850","title":{"rendered":"PKW geht auf der Autobahn in Flammen auf"},"content":{"rendered":"<p><img loading=\"lazy\" decoding=\"async\" class=\"alignleft\" title=\"Einsatz-Logo\" src=\"http:\/\/www.feuerwehrkostheim.de\/wp-content\/bilder\/sonstige\/logo_einsatz.jpg\" alt=\"Einsatz-Logo\" width=\"100\" height=\"100\" \/><strong>01. November 2017 &#8211; 16:03 Uhr<\/strong><br \/>\n<strong>BAB 671 &#8211; Kastel Richtung Wiesbaden<\/strong><br \/>\nEinzelfahrzeugalarmierung \/ Alarmgruppe mit FF-Kastel<br \/>\nEinsatz 95 &#8211; 2017<\/p>\n<p><img loading=\"lazy\" decoding=\"async\" class=\"alignright size-medium\" style=\"border: 4px solid #D8D8D8;\" src=\"https:\/\/farm5.staticflickr.com\/4450\/24241163678_e0e56cc7b1_n.jpg\" width=\"320\" height=\"211\" \/>Zu einem PKW-Brand auf der Autobahn 671 zwischen der Anschlussstelle Mainz-Kastel und Mainzer Stra\u00dfe sorgte am Mittwochnachmittag f\u00fcr einen Einsatz der Kostheimer Feuerwehr. Auf der Anfahrt war die Rauchwolke schon von weitem sichtbar. Als man an der Einsatzstelle eintraf, hatten die Kollegen der Berufsfeuerwehr mit dem Gro\u00dftankl\u00f6schfahrzeug bereits mit den L\u00f6scharbeiten begonnen. Ein Mann unter Atemschutz konnte mit einem Schnellangriffsstrahlrohr das Feuer schnell eind\u00e4mmen und letztendlich l\u00f6schen. Die Kostheimer Kameraden \u00fcbernahmen die Absicherung der Einsatzstelle. Bis das ausgebrannte Fahrzeug vom Abschleppdienst aufgenommen werden konnte, musste die rechte Fahrspur in Richtung Wiesbaden gesperrt werden.<\/p>\n<p><!--more--><\/p>\n<p><img loading=\"lazy\" decoding=\"async\" class=\"alignleft size-medium\" style=\"border: 4px solid #D8D8D8;\" src=\"https:\/\/farm5.staticflickr.com\/4468\/37384168124_5d16b4dec7_n.jpg\" width=\"320\" height=\"213\" \/>Weitere Kr\u00e4fte seitens der Wiesbadener Feuerwehr sowie der ebenfalls am Einsatzort eingetroffenen Kameraden der Feuerwehr Hochheim mussten nicht mehr t\u00e4tig werden oder konnten ihre Einsatzfahrt vorzeitig abbrechen. Die Insassen des PKW blieben unverletzt \u2013 sie konnten den Wagen noch rechtzeitig auf dem Standstreifen abstellen und aussteigen. Kurz zuvor gingen w\u00e4hrend der Fahrt s\u00e4mtliche Warnleuchten an und es stieg Rauch aus dem Motorraum auf.<\/p>\n<p>Nach etwa zwei Stunden war das vollst\u00e4ndig ausgebrannte Fahrzeugwrack vom Abschleppdienst aufgenommen und der Einsatz der Feuerwehr konnte beendet werden.<\/p>\n<p>[FAGP id=3851]<\/p>\n<p><em>Fotos: Berufsfeuerwehr Wiesbaden<\/em><\/p>\n","protected":false},"excerpt":{"rendered":"<p>01. November 2017 &#8211; 16:03 Uhr BAB 671 &#8211; Kastel Richtung Wiesbaden Einzelfahrzeugalarmierung \/ Alarmgruppe mit FF-Kastel Einsatz 95 &#8211; 2017 Zu einem PKW-Brand auf der Autobahn 671 zwischen der Anschlussstelle Mainz-Kastel und Mainzer Stra\u00dfe sorgte am Mittwochnachmittag f\u00fcr einen Einsatz der Kostheimer Feuerwehr. Auf der Anfahrt war die Rauchwolke schon von weitem sichtbar. Als [&hellip;]<\/p>\n","protected":false},"author":1,"featured_media":0,"comment_status":"closed","ping_status":"open","sticky":false,"template":"","format":"standard","meta":{"_et_pb_use_builder":"","_et_pb_old_content":"","_et_gb_content_width":"","_crdt_document":"","footnotes":""},"categories":[5],"tags":[1034,494,69,110,1033,50,31,422],"class_list":["post-3850","post","type-post","status-publish","format-standard","hentry","category-einsatze","tag-1034","tag-a671","tag-absicherung","tag-alarmgruppe","tag-bab","tag-brand","tag-feuer","tag-pkw"],"_links":{"self":[{"href":"https:\/\/www.feuerwehrkostheim.de\/index.php?rest_route=\/wp\/v2\/posts\/3850","targetHints":{"allow":["GET"]}}],"collection":[{"href":"https:\/\/www.feuerwehrkostheim.de\/index.php?rest_route=\/wp\/v2\/posts"}],"about":[{"href":"https:\/\/www.feuerwehrkostheim.de\/index.php?rest_route=\/wp\/v2\/types\/post"}],"author":[{"embeddable":true,"href":"https:\/\/www.feuerwehrkostheim.de\/index.php?rest_route=\/wp\/v2\/users\/1"}],"replies":[{"embeddable":true,"href":"https:\/\/www.feuerwehrkostheim.de\/index.php?rest_route=%2Fwp%2Fv2%2Fcomments&post=3850"}],"version-history":[{"count":0,"href":"https:\/\/www.feuerwehrkostheim.de\/index.php?rest_route=\/wp\/v2\/posts\/3850\/revisions"}],"wp:attachment":[{"href":"https:\/\/www.feuerwehrkostheim.de\/index.php?rest_route=%2Fwp%2Fv2%2Fmedia&parent=3850"}],"wp:term":[{"taxonomy":"category","embeddable":true,"href":"https:\/\/www.feuerwehrkostheim.de\/index.php?rest_route=%2Fwp%2Fv2%2Fcategories&post=3850"},{"taxonomy":"post_tag","embeddable":true,"href":"https:\/\/www.feuerwehrkostheim.de\/index.php?rest_route=%2Fwp%2Fv2%2Ftags&post=3850"}],"curies":[{"name":"wp","href":"https:\/\/api.w.org\/{rel}","templated":true}]}}